{"id":138849,"date":"2026-09-04T09:39:04","date_gmt":"2026-09-04T12:39:04","guid":{"rendered":"https:\/\/www.actualidadadiario.com\/?p=138849"},"modified":"2026-09-04T09:39:04","modified_gmt":"2026-09-04T12:39:04","slug":"el-epre-autorizo-incrementos-en-el-cuadro-tarifario-de-septiembre","status":"publish","type":"post","link":"https:\/\/www.actualidadadiario.com\/index.php\/2026\/09\/04\/el-epre-autorizo-incrementos-en-el-cuadro-tarifario-de-septiembre\/","title":{"rendered":"El EPRE autoriz\u00f3 incrementos en el cuadro tarifario de septiembre"},"content":{"rendered":"<p style=\"text-align: center;\"><em><strong>El Entre Provincial Regulador de la Energ\u00eda (EPRE), aprob\u00f3 nuevos valores para el cuadro tarifario desde septiembre. La \u00faltima disposici\u00f3n en ese sentido se hab\u00eda aplicado en agosto<\/strong><\/em><\/p>\n<p>&nbsp;<\/p>\n<p>&nbsp;<\/p>\n<p>La medida se public\u00f3 en el Bolet\u00edn Oficial de la provincia. Seg\u00fan la Resoluci\u00f3n 140\/26 fechada este 2 de septiembre, el organismo entrerriano dispuso la validez del nuevo cuadro tarifario. El aumento en algunos componentes viene desde la Secretar\u00eda de Energ\u00eda de la Naci\u00f3n, seg\u00fan se lee en la Resoluci\u00f3n. En efecto, la publicaci\u00f3n oficial sostiene que los aumentos fueron ordenados a trav\u00e9s de la Resol-2026-222-APN-SE #MEC. Y que \u00e9sta \u00faltima disposici\u00f3n a nivel nacional modific\u00f3 \u201cPrecios de Referencia de la Potencia (POTREF), Precio Estabilizado de la Energ\u00eda (PEE) y el Precio Estabilizado de los Servicios Adicionales (PES) en el MEM, dejando sin cambios los valores en transporte y en el recargo previsto por el Art\u00edculo 30 de la Ley N\u00ba 15.336, sustituido por el Decreto N\u00ba 450 de fecha 4 de julio de 2025, que integra el Fondo Nacional de la Energ\u00eda El\u00e9ctrica (FNEE)\u201d.<\/p>\n<p>Adem\u00e1s, se orden\u00f3 continuar con las tarifas subsidiadas para beneficiarios de menores ingresos y consumo; beneficiarios del R\u00e9gimen de Subsidios Energ\u00e9ticos Focalizados (SEF); para la totalidad del volumen consumido por las Entidades de Bien P\u00fablico, Clubes de Barrio y de Pueblo, y otras categor\u00edas de usuarios sin fines de lucro asimilables.<\/p>\n<p>La disposici\u00f3n provincial se compone de seis art\u00edculos y fue firmada por el titular del EPRE, Marcos Rodr\u00edguez Allende. El primer apartado aprueba los nuevos valores; el segundo especifica los componentes de la tarifa que cambian; el tercero dispone que \u201cla vigencia del cuadro tarifario, queda condicionada a que no se produzcan nuevas modificaciones en los precios mayoristas de energ\u00eda, potencia y\/o transporte en el Mercado El\u00e9ctrico Mayorista (MEM) por parte de la Secretar\u00eda de Energ\u00eda El\u00e9ctrica de la Naci\u00f3n (SEN), en cuyo caso podr\u00e1n las Distribuidoras presentar a este ENTE para su an\u00e1lisis y aprobaci\u00f3n los nuevos valores del Cuadro Tarifario\u201d. El cuarto art\u00edculo ordena comunicar \u201ca las Distribuidoras El\u00e9ctricas de la Provincia, que deber\u00e1n incluir en la facturaci\u00f3n de los usuarios beneficiarios del subsidio tarifario establecido en el Art\u00edculo 4\u00b0 de la Resoluci\u00f3n N\u00b0 564\/25 S.E prorrogado por la precitada norma legal, una leyenda destacada indicando \u2018Tarifa Subsidiada por el Estado Provincial\u2019\u201d. El art\u00edculo 5 establece la \u201caplicaci\u00f3n de lo previsto en el Art\u00edculo 9 del Decreto PEN N\u00b0 943\/25, en relaci\u00f3n a las Entidades de Bien P\u00fablico, Clubes de Barrio y de Pueblo, y otras categor\u00edas de usuarios sin fines de lucro asimilables, en los t\u00e9rminos de las Leyes 27.098 y 27.218, a los cuales se les deber\u00e1 aplicar las bonificaciones del Art\u00edculo 7\u00b0, Anexo II del precitado decreto, para la totalidad del volumen consumido\u201d. El \u00faltimo apartado registra, notifica y ordena la publicaci\u00f3n de la disposici\u00f3n.<\/p>\n","protected":false},"excerpt":{"rendered":"<p>El Entre Provincial Regulador de la Energ\u00eda (EPRE), aprob\u00f3 nuevos valores para el cuadro tarifario desde septiembre. La \u00faltima disposici\u00f3n en ese sentido se hab\u00eda aplicado en agosto &nbsp; &nbsp; La medida se public\u00f3 en el Bolet\u00edn Oficial de la provincia. Seg\u00fan la Resoluci\u00f3n 140\/26 fechada este 2 de septiembre, el organismo entrerriano dispuso la validez del nuevo cuadro tarifario. El aumento en algunos componentes viene desde la Secretar\u00eda de Energ\u00eda de la Naci\u00f3n, seg\u00fan se lee en la Resoluci\u00f3n. En efecto, la publicaci\u00f3n oficial sostiene que los aumentos fueron&#8230;<\/p>\n","protected":false},"author":3,"featured_media":122634,"comment_status":"closed","ping_status":"closed","sticky":false,"template":"","format":"standard","meta":[],"categories":[15],"tags":[],"_links":{"self":[{"href":"https:\/\/www.actualidadadiario.com\/index.php\/wp-json\/wp\/v2\/posts\/138849"}],"collection":[{"href":"https:\/\/www.actualidadadiario.com\/index.php\/wp-json\/wp\/v2\/posts"}],"about":[{"href":"https:\/\/www.actualidadadiario.com\/index.php\/wp-json\/wp\/v2\/types\/post"}],"author":[{"embeddable":true,"href":"https:\/\/www.actualidadadiario.com\/index.php\/wp-json\/wp\/v2\/users\/3"}],"replies":[{"embeddable":true,"href":"https:\/\/www.actualidadadiario.com\/index.php\/wp-json\/wp\/v2\/comments?post=138849"}],"version-history":[{"count":1,"href":"https:\/\/www.actualidadadiario.com\/index.php\/wp-json\/wp\/v2\/posts\/138849\/revisions"}],"predecessor-version":[{"id":138850,"href":"https:\/\/www.actualidadadiario.com\/index.php\/wp-json\/wp\/v2\/posts\/138849\/revisions\/138850"}],"wp:featuredmedia":[{"embeddable":true,"href":"https:\/\/www.actualidadadiario.com\/index.php\/wp-json\/wp\/v2\/media\/122634"}],"wp:attachment":[{"href":"https:\/\/www.actualidadadiario.com\/index.php\/wp-json\/wp\/v2\/media?parent=138849"}],"wp:term":[{"taxonomy":"category","embeddable":true,"href":"https:\/\/www.actualidadadiario.com\/index.php\/wp-json\/wp\/v2\/categories?post=138849"},{"taxonomy":"post_tag","embeddable":true,"href":"https:\/\/www.actualidadadiario.com\/index.php\/wp-json\/wp\/v2\/tags?post=138849"}],"curies":[{"name":"wp","href":"https:\/\/api.w.org\/{rel}","templated":true}]}}