{"id":138838,"date":"2026-09-03T10:21:27","date_gmt":"2026-09-03T13:21:27","guid":{"rendered":"https:\/\/www.actualidadadiario.com\/?p=138838"},"modified":"2026-09-03T10:21:27","modified_gmt":"2026-09-03T13:21:27","slug":"productores-yerbateros-marcharan-con-tractores-contra-milei-y-reclaman-cambios","status":"publish","type":"post","link":"https:\/\/www.actualidadadiario.com\/index.php\/2026\/09\/03\/productores-yerbateros-marcharan-con-tractores-contra-milei-y-reclaman-cambios\/","title":{"rendered":"Productores yerbateros marchar\u00e1n con tractores contra Milei y reclaman cambios"},"content":{"rendered":"<p style=\"text-align: center;\"><em><strong>Los yerbateros denuncian que producen a p\u00e9rdida, cuestionan la desregulaci\u00f3n y buscar\u00e1n acercarse al Presidente durante su visita a Iguaz\u00fa<\/strong><\/em><\/p>\n<p>&nbsp;<\/p>\n<p>&nbsp;<\/p>\n<p>Los productores yerbateros de Misiones preparan una movilizaci\u00f3n con tractores y camiones hacia Puerto Iguaz\u00fa para intentar acercarse al presidente Javier Milei, quien el viernes participar\u00e1 del cierre de la Convenci\u00f3n Anual del Instituto Argentino de Ejecutivos de Finanzas (IAEF).<\/p>\n<p>El sector reclama que el Gobierno nacional devuelva al Instituto Nacional de la Yerba Mate (INYM) las facultades que recort\u00f3 mediante el Decreto 70\/2023, una medida que, seg\u00fan los productores, modific\u00f3 el funcionamiento de la cadena y debilit\u00f3 especialmente a quienes producen la materia prima.<\/p>\n<p>La protesta apunta a exponer el deterioro de la actividad primaria. Los productores aseguran que actualmente reciben entre $250 y $300 por kilo de hoja verde, mientras que el costo de producci\u00f3n ronda los $500 por kilo.<\/p>\n<p>&nbsp;<\/p>\n<p><strong>Los costos golpean a los productores<\/strong><\/p>\n<p>El dirigente de Impulso Yerbatero, Jorge Skripczuk, explic\u00f3 el deterioro de la rentabilidad con una comparaci\u00f3n entre los valores de fines de 2023 y los actuales.<\/p>\n<p>Seg\u00fan detall\u00f3, a fines de 2023 el kilo de hoja verde puesto en secadero ten\u00eda un valor de $210. En ese momento, el cosechero recib\u00eda $15.000 por tonelada, mientras que otros $11.000 correspond\u00edan a la corresponsabilidad gremial, vinculada con los aportes de los trabajadores. El gasoil, en tanto, costaba unos $380 por litro.<\/p>\n<p>Skripczuk sostuvo que el escenario actual resulta muy diferente. El precio de la hoja verde oscila entre $250 y $300 por kilo, mientras que el costo de la cosecha lleg\u00f3 a $79.000 por tonelada y la corresponsabilidad gremial ascendi\u00f3 a $44.000. Adem\u00e1s, el gasoil alcanza los $2.300 por litro.<\/p>\n<p>Skripczuk tambi\u00e9n advirti\u00f3 que la crisis ya afecta las tareas en las chacras. &#8220;No se est\u00e1 fertilizando y tampoco haciendo limpieza. Ya hay una baja en la producci\u00f3n&#8221;, afirm\u00f3.<\/p>\n<p>&nbsp;<\/p>\n<p><strong>Los yerbateros apuntan contra el Decreto 70\/23<\/strong><\/p>\n<p>El presidente de la Asociaci\u00f3n Civil de Productores Yerbateros del Norte, Julio Petterson, apunt\u00f3 directamente contra el Gobierno de Milei.<\/p>\n<p>&#8220;El Decreto 70\/23 de Milei fue nuestro certificado de defunci\u00f3n&#8221;, afirm\u00f3 el dirigente, quien adem\u00e1s ocup\u00f3 un lugar como director del INYM.<\/p>\n<p>Petterson llam\u00f3 incluso a los productores que votaron al Presidente a participar de la movilizaci\u00f3n.<\/p>\n<p>&#8220;Si lo votaste, con m\u00e1s raz\u00f3n ten\u00e9s que venir, porque lo hiciste para que te mejore la vida y no para que te la arruine; y si no lo votaste, sumate porque este modelo nos est\u00e1 haciendo mucho da\u00f1o&#8221;, sostuvo.<\/p>\n<p>El dirigente tambi\u00e9n cuestion\u00f3 la concentraci\u00f3n que, seg\u00fan su planteo, existe dentro de la industria yerbatera.<\/p>\n<p>&#8220;Hoy tres industrias manejan m\u00e1s del 50% de la yerba mate canchada. Son tres personas las que deciden qu\u00e9 precio pagar la hoja verde y no les importa si te alcanza para el plato de comida de tu familia&#8221;, denunci\u00f3.<\/p>\n<p>Para Petterson, la desregulaci\u00f3n debilit\u00f3 especialmente a los peque\u00f1os productores y los cosecheros, a quienes identific\u00f3 como los eslabones m\u00e1s vulnerables de la cadena.<\/p>\n<p>&nbsp;<\/p>\n<p><strong>Marcha de tractores hasta donde permita el operativo de seguridad<\/strong><\/p>\n<p>La movilizaci\u00f3n tendr\u00e1 como punto de concentraci\u00f3n el empalme de las rutas nacionales 14 y 101, cerca del acceso a las Cataratas del Iguaz\u00fa. Desde all\u00ed, los productores planean avanzar en caravana hacia Puerto Iguaz\u00fa.<\/p>\n<p>Petterson anticip\u00f3 que los manifestantes intentar\u00e1n llegar hasta el lugar donde Milei participe de la actividad del IAEF.<\/p>\n<p>&#8220;Vamos a marchar con los tractores hasta donde nos dejen porque seguro habr\u00e1 cord\u00f3n de seguridad y dem\u00e1s. Veremos hasta d\u00f3nde nos dejan llegar, all\u00ed nos apostaremos y continuaremos con el reclamo&#8221;, afirm\u00f3.<\/p>\n<p>Los productores tambi\u00e9n buscan entregar un escrito al Presidente, aunque el dirigente reconoci\u00f3 que las condiciones de seguridad podr\u00edan dificultar ese objetivo.<\/p>\n<p>&#8220;Trataremos de acercarnos hasta el lugar donde estar\u00e1 Milei. Queremos creer que, si viene a Misiones, tendr\u00e1 un minuto para atender a los productores yerbateros, que tendr\u00e1 la hombr\u00eda y valent\u00eda de escucharnos y dialogar para que podamos explicarle la situaci\u00f3n que se est\u00e1 viviendo&#8221;, sostuvo Petterson.<\/p>\n<p>El reclamo coloca nuevamente en el centro de la discusi\u00f3n el impacto de la desregulaci\u00f3n de la actividad yerbatera, mientras los productores advierten que los precios actuales no alcanzan para cubrir sus costos y reclaman recuperar herramientas de regulaci\u00f3n para la cadena.<\/p>\n","protected":false},"excerpt":{"rendered":"<p>Los yerbateros denuncian que producen a p\u00e9rdida, cuestionan la desregulaci\u00f3n y buscar\u00e1n acercarse al Presidente durante su visita a Iguaz\u00fa &nbsp; &nbsp; Los productores yerbateros de Misiones preparan una movilizaci\u00f3n con tractores y camiones hacia Puerto Iguaz\u00fa para intentar acercarse al presidente Javier Milei, quien el viernes participar\u00e1 del cierre de la Convenci\u00f3n Anual del Instituto Argentino de Ejecutivos de Finanzas (IAEF). El sector reclama que el Gobierno nacional devuelva al Instituto Nacional de la Yerba Mate (INYM) las facultades que recort\u00f3 mediante el Decreto 70\/2023, una medida que, seg\u00fan&#8230;<\/p>\n","protected":false},"author":3,"featured_media":128970,"comment_status":"closed","ping_status":"closed","sticky":false,"template":"","format":"standard","meta":[],"categories":[2],"tags":[],"_links":{"self":[{"href":"https:\/\/www.actualidadadiario.com\/index.php\/wp-json\/wp\/v2\/posts\/138838"}],"collection":[{"href":"https:\/\/www.actualidadadiario.com\/index.php\/wp-json\/wp\/v2\/posts"}],"about":[{"href":"https:\/\/www.actualidadadiario.com\/index.php\/wp-json\/wp\/v2\/types\/post"}],"author":[{"embeddable":true,"href":"https:\/\/www.actualidadadiario.com\/index.php\/wp-json\/wp\/v2\/users\/3"}],"replies":[{"embeddable":true,"href":"https:\/\/www.actualidadadiario.com\/index.php\/wp-json\/wp\/v2\/comments?post=138838"}],"version-history":[{"count":1,"href":"https:\/\/www.actualidadadiario.com\/index.php\/wp-json\/wp\/v2\/posts\/138838\/revisions"}],"predecessor-version":[{"id":138839,"href":"https:\/\/www.actualidadadiario.com\/index.php\/wp-json\/wp\/v2\/posts\/138838\/revisions\/138839"}],"wp:featuredmedia":[{"embeddable":true,"href":"https:\/\/www.actualidadadiario.com\/index.php\/wp-json\/wp\/v2\/media\/128970"}],"wp:attachment":[{"href":"https:\/\/www.actualidadadiario.com\/index.php\/wp-json\/wp\/v2\/media?parent=138838"}],"wp:term":[{"taxonomy":"category","embeddable":true,"href":"https:\/\/www.actualidadadiario.com\/index.php\/wp-json\/wp\/v2\/categories?post=138838"},{"taxonomy":"post_tag","embeddable":true,"href":"https:\/\/www.actualidadadiario.com\/index.php\/wp-json\/wp\/v2\/tags?post=138838"}],"curies":[{"name":"wp","href":"https:\/\/api.w.org\/{rel}","templated":true}]}}