{"id":138817,"date":"2026-09-03T09:44:15","date_gmt":"2026-09-03T12:44:15","guid":{"rendered":"https:\/\/www.actualidadadiario.com\/?p=138817"},"modified":"2026-09-03T09:44:15","modified_gmt":"2026-09-03T12:44:15","slug":"avanza-la-organizacion-de-la-marcha-de-la-bronca-buscan-ampliar-las-acciones-a-distintos-puntos-de-la-provincia","status":"publish","type":"post","link":"https:\/\/www.actualidadadiario.com\/index.php\/2026\/09\/03\/avanza-la-organizacion-de-la-marcha-de-la-bronca-buscan-ampliar-las-acciones-a-distintos-puntos-de-la-provincia\/","title":{"rendered":"Avanza la organizaci\u00f3n de \u201cLa Marcha de la bronca\u201d: buscan ampliar las acciones a distintos puntos de la provincia"},"content":{"rendered":"<p style=\"text-align: center;\"><em><strong>Este jueves a las 19 se realizar\u00e1 una reuni\u00f3n virtual con el objetivo de coordinar la movilizaci\u00f3n en distintos puntos de Entre R\u00edos. La jornada nacional de protesta est\u00e1 prevista para el pr\u00f3ximo 19 de septiembre y busca unificar los reclamos contra las pol\u00edticas de los gobiernos nacional y provincial<\/strong><\/em><\/p>\n<p>&nbsp;<\/p>\n<p>&nbsp;<\/p>\n<p>Este jueves a las 19 se llevar\u00e1 adelante una reuni\u00f3n virtual provincial para continuar con la organizaci\u00f3n de la denominada Marcha de la Bronca que se realizar\u00e1 el pr\u00f3ximo 19 de septiembre en todo el pa\u00eds.<\/p>\n<p>\u201cLuego de diversas reuniones nacionales y una primera reuni\u00f3n en Paran\u00e1, se busca ampliar las acciones a diferentes puntos de Entre R\u00edos\u201d, anunciaron desde la organizaci\u00f3n.<\/p>\n<p>En este marco, se convoc\u00f3 a participar a referentes de distintas organizaciones sociales, pol\u00edticas, sindicales, estudiantiles, ambientales, feministas, de las diversidades sexuales, piqueteras, territoriales, de poblaciones originarias, de DDHH y antirepresivas \u201cpara preparar en unidad una enorme Marcha de la Bronca que exprese y unifique todos los reclamos contra Milei, Frigerio y sus c\u00f3mplices\u201d.<\/p>\n<p>Quienes est\u00e9n interesados en participar pueden contactarse a marchadelabronca.pna@gmail.com.<\/p>\n","protected":false},"excerpt":{"rendered":"<p>Este jueves a las 19 se realizar\u00e1 una reuni\u00f3n virtual con el objetivo de coordinar la movilizaci\u00f3n en distintos puntos de Entre R\u00edos. La jornada nacional de protesta est\u00e1 prevista para el pr\u00f3ximo 19 de septiembre y busca unificar los reclamos contra las pol\u00edticas de los gobiernos nacional y provincial &nbsp; &nbsp; Este jueves a las 19 se llevar\u00e1 adelante una reuni\u00f3n virtual provincial para continuar con la organizaci\u00f3n de la denominada Marcha de la Bronca que se realizar\u00e1 el pr\u00f3ximo 19 de septiembre en todo el pa\u00eds. \u201cLuego de&#8230;<\/p>\n","protected":false},"author":3,"featured_media":138818,"comment_status":"closed","ping_status":"closed","sticky":false,"template":"","format":"standard","meta":[],"categories":[15],"tags":[],"_links":{"self":[{"href":"https:\/\/www.actualidadadiario.com\/index.php\/wp-json\/wp\/v2\/posts\/138817"}],"collection":[{"href":"https:\/\/www.actualidadadiario.com\/index.php\/wp-json\/wp\/v2\/posts"}],"about":[{"href":"https:\/\/www.actualidadadiario.com\/index.php\/wp-json\/wp\/v2\/types\/post"}],"author":[{"embeddable":true,"href":"https:\/\/www.actualidadadiario.com\/index.php\/wp-json\/wp\/v2\/users\/3"}],"replies":[{"embeddable":true,"href":"https:\/\/www.actualidadadiario.com\/index.php\/wp-json\/wp\/v2\/comments?post=138817"}],"version-history":[{"count":1,"href":"https:\/\/www.actualidadadiario.com\/index.php\/wp-json\/wp\/v2\/posts\/138817\/revisions"}],"predecessor-version":[{"id":138819,"href":"https:\/\/www.actualidadadiario.com\/index.php\/wp-json\/wp\/v2\/posts\/138817\/revisions\/138819"}],"wp:featuredmedia":[{"embeddable":true,"href":"https:\/\/www.actualidadadiario.com\/index.php\/wp-json\/wp\/v2\/media\/138818"}],"wp:attachment":[{"href":"https:\/\/www.actualidadadiario.com\/index.php\/wp-json\/wp\/v2\/media?parent=138817"}],"wp:term":[{"taxonomy":"category","embeddable":true,"href":"https:\/\/www.actualidadadiario.com\/index.php\/wp-json\/wp\/v2\/categories?post=138817"},{"taxonomy":"post_tag","embeddable":true,"href":"https:\/\/www.actualidadadiario.com\/index.php\/wp-json\/wp\/v2\/tags?post=138817"}],"curies":[{"name":"wp","href":"https:\/\/api.w.org\/{rel}","templated":true}]}}