{"id":138814,"date":"2026-09-03T09:43:02","date_gmt":"2026-09-03T12:43:02","guid":{"rendered":"https:\/\/www.actualidadadiario.com\/?p=138814"},"modified":"2026-09-03T09:43:02","modified_gmt":"2026-09-03T12:43:02","slug":"uruguay-anuncio-oficialmente-la-relocalizacion-de-hif-global","status":"publish","type":"post","link":"https:\/\/www.actualidadadiario.com\/index.php\/2026\/09\/03\/uruguay-anuncio-oficialmente-la-relocalizacion-de-hif-global\/","title":{"rendered":"Uruguay anunci\u00f3 oficialmente la relocalizaci\u00f3n de HIF Global"},"content":{"rendered":"<p style=\"text-align: center;\"><em><strong>La megaplanta de e-combustibles, que originalmente se planificaba construir frente a las playas de Col\u00f3n, ser\u00e1 emplazada en una nueva ubicaci\u00f3n geogr\u00e1fica para preservar el ecosistema compartido del r\u00edo Uruguay y garantizar la sustentabilidad de la zona<\/strong><\/em><\/p>\n<p>&nbsp;<\/p>\n<p>&nbsp;<\/p>\n<p>En lo que representa un giro hist\u00f3rico para la regi\u00f3n y un hito en la diplomacia ambiental, el intendente de la ciudad de Col\u00f3n, Jos\u00e9 Luis Walser celebr\u00f3 que la Canciller\u00eda de la Rep\u00fablica Oriental del Uruguay confirm\u00f3 la relocalizaci\u00f3n del proyecto industrial de la empresa HIF Global.<\/p>\n<p>Desde la Municipalidad destacaron que \u201ceste logro es el resultado directo de intensas gestiones pol\u00edticas, una firme movilizaci\u00f3n socioambiental y una agenda de trabajo institucional liderada por el gobierno local de Col\u00f3n, encabezada por el intendente Jos\u00e9 Luis Walser junto al gobernador de Entre R\u00edos, Rogelio Frigerio con el respaldo activo Canciller\u00eda Argentina. Las mesas de trabajo con legisladores y los viajes institucionales a Montevideo abrieron una v\u00eda de di\u00e1logo maduro con el gobierno uruguayo, evitando la reactivaci\u00f3n de un viejo conflicto binacional y sentando un precedente de cooperaci\u00f3n fronteriza\u201d.<\/p>\n<p>&nbsp;<\/p>\n<p><strong>Jornada hist\u00f3rica para Col\u00f3n<\/strong><\/p>\n<p>\u201cLo logramos, Col\u00f3n. El esfuerzo vali\u00f3 la pena y nuestra voz se escuch\u00f3 con fuerza\u201d, celebr\u00f3 el intendente Jos\u00e9 Luis Walser tras conocerse la resoluci\u00f3n internacional. El mandatario calific\u00f3 la jornada como \u201cun d\u00eda hist\u00f3rico para nuestra comunidad\u201d y enfatiz\u00f3 el valor de la participaci\u00f3n ciudadana en el proceso: \u201cEsta es una victoria de todos los que nos plantamos firmes desde el primer minuto. Nos movilizamos para defender nuestro r\u00edo Uruguay y nuestro entorno. Demostramos lo que se puede lograr cuando una comunidad se une con convicci\u00f3n. Dijimos con claridad que no \u00edbamos a permitir otra Botnia frente a nuestras costas\u201d.<\/p>\n<p>Asimismo, el jefe comunal destac\u00f3 que el \u00e9xito de las negociaciones radica en los canales institucionales formales y no en la disputa social. \u201cLas reuniones con legisladores en Col\u00f3n y viajes a Montevideo con el Gobernador dieron su fruto. Este logro no es fruto de la confrontaci\u00f3n, sino del respeto mutuo entre dos pueblos hermanos. Quiero destacar y agradecer el enorme trabajo institucional y los canales diplom\u00e1ticos que abrieron nuestras autoridades provinciales y nacionales\u201d, puntualiz\u00f3.<\/p>\n<p>Finalmente, Walser remarc\u00f3 la importancia de equilibrar la agenda econ\u00f3mica con la protecci\u00f3n del h\u00e1bitat costero que sustenta el turismo y la vida de la regi\u00f3n.<\/p>\n<p>\u201cGracias a un di\u00e1logo constructivo y maduro con el gobierno uruguayo, se demostr\u00f3 que es posible proteger el desarrollo productivo de la regi\u00f3n sin descuidar el bienestar y el entorno de las comunidades vecinas. El r\u00edo Uruguay nos une, y su futuro sigue siendo protegido. Gracias a todos los que forman parte de esta lucha. Nuestra casa se defiende\u201d, concluy\u00f3.<\/p>\n","protected":false},"excerpt":{"rendered":"<p>La megaplanta de e-combustibles, que originalmente se planificaba construir frente a las playas de Col\u00f3n, ser\u00e1 emplazada en una nueva ubicaci\u00f3n geogr\u00e1fica para preservar el ecosistema compartido del r\u00edo Uruguay y garantizar la sustentabilidad de la zona &nbsp; &nbsp; En lo que representa un giro hist\u00f3rico para la regi\u00f3n y un hito en la diplomacia ambiental, el intendente de la ciudad de Col\u00f3n, Jos\u00e9 Luis Walser celebr\u00f3 que la Canciller\u00eda de la Rep\u00fablica Oriental del Uruguay confirm\u00f3 la relocalizaci\u00f3n del proyecto industrial de la empresa HIF Global. Desde la Municipalidad&#8230;<\/p>\n","protected":false},"author":3,"featured_media":138815,"comment_status":"closed","ping_status":"closed","sticky":false,"template":"","format":"standard","meta":[],"categories":[15],"tags":[],"_links":{"self":[{"href":"https:\/\/www.actualidadadiario.com\/index.php\/wp-json\/wp\/v2\/posts\/138814"}],"collection":[{"href":"https:\/\/www.actualidadadiario.com\/index.php\/wp-json\/wp\/v2\/posts"}],"about":[{"href":"https:\/\/www.actualidadadiario.com\/index.php\/wp-json\/wp\/v2\/types\/post"}],"author":[{"embeddable":true,"href":"https:\/\/www.actualidadadiario.com\/index.php\/wp-json\/wp\/v2\/users\/3"}],"replies":[{"embeddable":true,"href":"https:\/\/www.actualidadadiario.com\/index.php\/wp-json\/wp\/v2\/comments?post=138814"}],"version-history":[{"count":1,"href":"https:\/\/www.actualidadadiario.com\/index.php\/wp-json\/wp\/v2\/posts\/138814\/revisions"}],"predecessor-version":[{"id":138816,"href":"https:\/\/www.actualidadadiario.com\/index.php\/wp-json\/wp\/v2\/posts\/138814\/revisions\/138816"}],"wp:featuredmedia":[{"embeddable":true,"href":"https:\/\/www.actualidadadiario.com\/index.php\/wp-json\/wp\/v2\/media\/138815"}],"wp:attachment":[{"href":"https:\/\/www.actualidadadiario.com\/index.php\/wp-json\/wp\/v2\/media?parent=138814"}],"wp:term":[{"taxonomy":"category","embeddable":true,"href":"https:\/\/www.actualidadadiario.com\/index.php\/wp-json\/wp\/v2\/categories?post=138814"},{"taxonomy":"post_tag","embeddable":true,"href":"https:\/\/www.actualidadadiario.com\/index.php\/wp-json\/wp\/v2\/tags?post=138814"}],"curies":[{"name":"wp","href":"https:\/\/api.w.org\/{rel}","templated":true}]}}