{"id":138809,"date":"2026-09-03T09:41:01","date_gmt":"2026-09-03T12:41:01","guid":{"rendered":"https:\/\/www.actualidadadiario.com\/?p=138809"},"modified":"2026-09-03T09:41:01","modified_gmt":"2026-09-03T12:41:01","slug":"frigerio-con-la-eliminacion-de-las-pensiones-vitalicias-para-gobernadores-pusimos-fin-a-mas-de-60-anos-de-privilegios","status":"publish","type":"post","link":"https:\/\/www.actualidadadiario.com\/index.php\/2026\/09\/03\/frigerio-con-la-eliminacion-de-las-pensiones-vitalicias-para-gobernadores-pusimos-fin-a-mas-de-60-anos-de-privilegios\/","title":{"rendered":"Frigerio: &#8220;Con la eliminaci\u00f3n de las pensiones vitalicias para gobernadores pusimos fin a m\u00e1s de 60 a\u00f1os de privilegios&#8221;"},"content":{"rendered":"<p style=\"text-align: center;\"><em><strong>La C\u00e1mara de Diputados convirti\u00f3 en ley la iniciativa impulsada por el gobernador Rogelio Frigerio, que elimina el r\u00e9gimen especial vigente desde 1965. Frigerio y la vicegobernadora Alicia Aluani ser\u00e1n las primeras autoridades alcanzadas por la derogaci\u00f3n<\/strong><\/em><\/p>\n<p>&nbsp;<\/p>\n<p>&nbsp;<\/p>\n<p>Entre R\u00edos puso fin a uno de los reg\u00edmenes especiales m\u00e1s antiguos de la dirigencia pol\u00edtica provincial. La C\u00e1mara de Diputados convirti\u00f3 en ley el proyecto impulsado por el Poder Ejecutivo que deroga la Ley N\u00ba 4.506, vigente desde 1965, que establec\u00eda una pensi\u00f3n vitalicia para quienes ejercieran los cargos de gobernador y vicegobernador de la provincia.<\/p>\n<p>La iniciativa hab\u00eda sido enviada por el gobernador Rogelio Frigerio en enero de 2024 y, tras atravesar el tratamiento en ambas c\u00e1maras legislativas y recibir modificaciones en el Senado, fue sancionada definitivamente por la C\u00e1mara baja.<\/p>\n<p>La reforma elimina este r\u00e9gimen especial y establece que quienes ejerzan en adelante los cargos de gobernador y vicegobernador no podr\u00e1n acceder a este beneficio una vez finalizados sus mandatos.<\/p>\n<p>&nbsp;<\/p>\n<p><strong>Frigerio y Aluani, los primeros alcanzados<\/strong><\/p>\n<p>Uno de los aspectos centrales de la ley es que la eliminaci\u00f3n del beneficio alcanza tambi\u00e9n a las actuales autoridades provinciales. De esta manera, Frigerio y la vicegobernadora Alicia Aluani ser\u00e1n los primeros gobernador y vicegobernadora que no podr\u00e1n acceder a la pensi\u00f3n vitalicia prevista por la legislaci\u00f3n derogada.<\/p>\n<p>Al celebrar la sanci\u00f3n de la ley, el gobernador destac\u00f3 que se trata de una medida impulsada desde el inicio de su gesti\u00f3n y que forma parte de los cambios promovidos para eliminar privilegios vinculados al ejercicio de la funci\u00f3n p\u00fablica.<\/p>\n<p>&#8220;Pusimos fin a m\u00e1s de 60 a\u00f1os de pensiones vitalicias para gobernadores y vicegobernadores. Con la vicegobernadora, Alicia Aluani, seremos los primeros alcanzados por esta decisi\u00f3n. Un compromiso m\u00e1s que asumimos y cumplimos&#8221;, afirm\u00f3 Frigerio.<\/p>\n<p>El gobernador sostuvo adem\u00e1s que la medida forma parte de una pol\u00edtica m\u00e1s amplia de transformaci\u00f3n del Estado.<\/p>\n<p>&#8220;Desde el primer d\u00eda de gesti\u00f3n venimos eliminando los privilegios de la pol\u00edtica y ordenando el Estado para ponerlo nuevamente al servicio de los entrerrianos&#8221;, se\u00f1al\u00f3.<\/p>\n<p>&nbsp;<\/p>\n<p><strong>El fin de un r\u00e9gimen vigente desde 1965<\/strong><\/p>\n<p>La Ley N\u00ba 4.506 hab\u00eda creado hace m\u00e1s de seis d\u00e9cadas un r\u00e9gimen previsional especial para quienes hubieran ejercido la Gobernaci\u00f3n y la Vicegobernaci\u00f3n, con una prestaci\u00f3n equivalente al 75 por ciento de la remuneraci\u00f3n correspondiente al cargo.<\/p>\n<p>La derogaci\u00f3n se inscribe en la agenda de austeridad, transparencia y \u00e9tica p\u00fablica impulsada por la actual gesti\u00f3n provincial, que plantea la necesidad de revisar reg\u00edmenes especiales y eliminar beneficios considerados incompatibles con una administraci\u00f3n basada en criterios de igualdad y responsabilidad en el uso de los recursos p\u00fablicos.<\/p>\n<p>&#8220;Estoy convencido de que, si queremos cambiar la forma de gobernar, el cambio tiene que empezar por quienes tenemos la responsabilidad de hacerlo&#8221;, concluy\u00f3 Frigerio.<\/p>\n","protected":false},"excerpt":{"rendered":"<p>La C\u00e1mara de Diputados convirti\u00f3 en ley la iniciativa impulsada por el gobernador Rogelio Frigerio, que elimina el r\u00e9gimen especial vigente desde 1965. Frigerio y la vicegobernadora Alicia Aluani ser\u00e1n las primeras autoridades alcanzadas por la derogaci\u00f3n &nbsp; &nbsp; Entre R\u00edos puso fin a uno de los reg\u00edmenes especiales m\u00e1s antiguos de la dirigencia pol\u00edtica provincial. La C\u00e1mara de Diputados convirti\u00f3 en ley el proyecto impulsado por el Poder Ejecutivo que deroga la Ley N\u00ba 4.506, vigente desde 1965, que establec\u00eda una pensi\u00f3n vitalicia para quienes ejercieran los cargos de&#8230;<\/p>\n","protected":false},"author":3,"featured_media":138810,"comment_status":"closed","ping_status":"closed","sticky":false,"template":"","format":"standard","meta":[],"categories":[15],"tags":[],"_links":{"self":[{"href":"https:\/\/www.actualidadadiario.com\/index.php\/wp-json\/wp\/v2\/posts\/138809"}],"collection":[{"href":"https:\/\/www.actualidadadiario.com\/index.php\/wp-json\/wp\/v2\/posts"}],"about":[{"href":"https:\/\/www.actualidadadiario.com\/index.php\/wp-json\/wp\/v2\/types\/post"}],"author":[{"embeddable":true,"href":"https:\/\/www.actualidadadiario.com\/index.php\/wp-json\/wp\/v2\/users\/3"}],"replies":[{"embeddable":true,"href":"https:\/\/www.actualidadadiario.com\/index.php\/wp-json\/wp\/v2\/comments?post=138809"}],"version-history":[{"count":1,"href":"https:\/\/www.actualidadadiario.com\/index.php\/wp-json\/wp\/v2\/posts\/138809\/revisions"}],"predecessor-version":[{"id":138811,"href":"https:\/\/www.actualidadadiario.com\/index.php\/wp-json\/wp\/v2\/posts\/138809\/revisions\/138811"}],"wp:featuredmedia":[{"embeddable":true,"href":"https:\/\/www.actualidadadiario.com\/index.php\/wp-json\/wp\/v2\/media\/138810"}],"wp:attachment":[{"href":"https:\/\/www.actualidadadiario.com\/index.php\/wp-json\/wp\/v2\/media?parent=138809"}],"wp:term":[{"taxonomy":"category","embeddable":true,"href":"https:\/\/www.actualidadadiario.com\/index.php\/wp-json\/wp\/v2\/categories?post=138809"},{"taxonomy":"post_tag","embeddable":true,"href":"https:\/\/www.actualidadadiario.com\/index.php\/wp-json\/wp\/v2\/tags?post=138809"}],"curies":[{"name":"wp","href":"https:\/\/api.w.org\/{rel}","templated":true}]}}