{"id":138807,"date":"2026-09-03T09:39:47","date_gmt":"2026-09-03T12:39:47","guid":{"rendered":"https:\/\/www.actualidadadiario.com\/?p=138807"},"modified":"2026-09-03T09:39:47","modified_gmt":"2026-09-03T12:39:47","slug":"elecciones-en-entre-rios-la-camara-nacional-electoral-reconfiguro-los-circuitos-electorales-en-la-provincia","status":"publish","type":"post","link":"https:\/\/www.actualidadadiario.com\/index.php\/2026\/09\/03\/elecciones-en-entre-rios-la-camara-nacional-electoral-reconfiguro-los-circuitos-electorales-en-la-provincia\/","title":{"rendered":"Elecciones en Entre R\u00edos: la C\u00e1mara Nacional Electoral reconfigur\u00f3 los circuitos electorales en la provincia"},"content":{"rendered":"<p style=\"text-align: center;\"><em><strong>La C\u00e1mara Nacional Electoral (CNE) aprob\u00f3 una amplia modificaci\u00f3n de la geograf\u00eda electoral en la provincia de Entre R\u00edos a trav\u00e9s de la Resoluci\u00f3n 11\/2026. La medida dispone la creaci\u00f3n de nuevos circuitos electorales, la modificaci\u00f3n de l\u00edmites de trazados preexistentes y el cambio de denominaci\u00f3n de diversas jurisdicciones en los departamentos entrerrianos<\/strong><\/em><\/p>\n<p>&nbsp;<\/p>\n<p>&nbsp;<\/p>\n<p>El reordenamiento responde al marco legal fijado por la Ley Provincial 11.058 (2023) y sus decretos reglamentarios, normas que reconocieron como territorio de nuevas comunas \u2014tanto de primera como de segunda categor\u00eda\u2014 a las jurisdicciones de los antiguos Centros Rurales de Poblaci\u00f3n.<\/p>\n<p>Seg\u00fan se desprende de la resoluci\u00f3n, firmada por los jueces Santiago Hern\u00e1n Corcuera y Daniel Bejas, el tribunal consider\u00f3 fundamental implementar los cambios con anticipaci\u00f3n para la organizaci\u00f3n de los comicios:<\/p>\n<p>&#8220;La modificaci\u00f3n de circuitos conlleva numerosas tareas registrales y de administraci\u00f3n electoral, las que deben realizarse con la suficiente antelaci\u00f3n&#8221;, se\u00f1alaron las autoridades electorales en los considerandos del fallo.<\/p>\n<p>&nbsp;<\/p>\n<p><strong>Concordia y Col\u00f3n<\/strong><\/p>\n<p>Dentro del reordenamiento dispuesto para el territorio provincial, las modificaciones impactan de manera directa en los departamentos de la regi\u00f3n del r\u00edo Uruguay:<\/p>\n<ul>\n<li><strong> Departamento Concordia (Secci\u00f3n electoral 13):<\/strong> Se oficializ\u00f3 la creaci\u00f3n del Circuito 237A &#8220;Estaci\u00f3n Yuquer\u00ed&#8221;. Esta incorporaci\u00f3n conllev\u00f3 la consecuente redefinici\u00f3n de los l\u00edmites de los circuitos 247 (&#8220;Estaci\u00f3n Yeru\u00e1&#8221;) y 248 (&#8220;Clodomiro Ledesma&#8221;).<\/li>\n<li><strong> Departamento Col\u00f3n (Secci\u00f3n electoral 15):<\/strong> Se aprob\u00f3 la modificaci\u00f3n de l\u00edmites del Circuito 275, que pasa a denominarse oficialmente &#8220;Colonia Hocker&#8221;. Adem\u00e1s, se estableci\u00f3 el cambio de denominaci\u00f3n del Circuito 290, manteniendo inalterada su delimitaci\u00f3n territorial.<\/li>\n<\/ul>\n<p>&nbsp;<\/p>\n<p><strong>Alcance de las modificaciones en los dem\u00e1s departamentos<\/strong><\/p>\n<p>La reestructuraci\u00f3n fijada por la Justicia Electoral nacional abarca a la gran mayor\u00eda de las secciones electorales entrerrianas:<\/p>\n<ul>\n<li><strong> Paran\u00e1 (Secci\u00f3n 1):<\/strong> Creaci\u00f3n del circuito 050A (&#8220;Aldea Santa Rosa&#8221;) y modificaci\u00f3n de los l\u00edmites de los circuitos 031 (&#8220;Colonia Cerrito&#8221;), 042 (&#8220;Antonio Tom\u00e1s&#8221;), 049 (&#8220;Eigenfeld Merou&#8221; \u2014con cambio de denominaci\u00f3n\u2014) y 050 (&#8220;San Rafael&#8221;).<\/li>\n<li><strong> La Paz (Secci\u00f3n 3):<\/strong> Modificaci\u00f3n de l\u00edmites en los circuitos 066 (&#8220;Km 160 &#8211; Sir Leonard&#8221;) y 070 (&#8220;Puerto Algarrobo&#8221;).<\/li>\n<li><strong> Diamante (Secci\u00f3n 4):<\/strong> Ajuste de l\u00edmites en los circuitos 086 (&#8220;Aldea Salto&#8221;) y 094 (&#8220;Camps&#8221;).<\/li>\n<li><strong> Victoria (Secci\u00f3n 5):<\/strong> Modificaci\u00f3n del circuito 107 (&#8220;Laguna del Pescado&#8221;).<\/li>\n<li><strong> Nogoy\u00e1 (Secci\u00f3n 6):<\/strong> Redefinici\u00f3n de los circuitos 113 (&#8220;Don Crist\u00f3bal 1\u00b0 Secci\u00f3n&#8221;) y 119 (&#8220;Betbeder&#8221;).<\/li>\n<li><strong> Tala (Secci\u00f3n 8):<\/strong> Creaci\u00f3n del circuito 150A (&#8220;Arroyo Cl\u00e9&#8221;).<\/li>\n<li><strong> Gualeguaych\u00fa (Secci\u00f3n 10):<\/strong> Creaci\u00f3n del circuito 203A (&#8220;General Almada&#8221;) y modificaci\u00f3n del circuito 205 (&#8220;Britos&#8221;).<\/li>\n<li><strong> Islas del Ibicuy (Secci\u00f3n 11):<\/strong> Modificaci\u00f3n de l\u00edmites en el circuito 212 (&#8220;M\u00e9danos&#8221;).<\/li>\n<li><strong> Villaguay (Secci\u00f3n 12):<\/strong> Creaci\u00f3n del circuito 222A (&#8220;Estaci\u00f3n Ra\u00edces&#8221;) y modificaci\u00f3n del 222 (&#8220;Paso de la Laguna&#8221;).<\/li>\n<li><strong> Federal (Secci\u00f3n 14):<\/strong> Modificaci\u00f3n de l\u00edmites y cambio de denominaci\u00f3n del circuito 264 (&#8220;Arroyo del Medio El Gramiyal&#8221;).<\/li>\n<li><strong> Federaci\u00f3n (Secci\u00f3n 17):<\/strong> Modificaci\u00f3n de los circuitos 299 (&#8220;Colonia Freitas&#8221;), 300 (&#8220;Gualeguaycito&#8221;) y 301 (&#8220;Colonia Las Tunas&#8221;), incluyendo cambios de denominaci\u00f3n.<\/li>\n<li><strong> San Salvador (Secci\u00f3n 18):<\/strong> Creaci\u00f3n del circuito 314A (&#8220;San Ernesto&#8221;) y modificaci\u00f3n con cambio de nombre del circuito 314 (&#8220;Colonia Baylina&#8221;).<\/li>\n<\/ul>\n<p>&nbsp;<\/p>\n<p><strong>Etapas pendientes de la reforma electoral<\/strong><\/p>\n<p>Desde el tribunal aclararon que este esquema corresponde a una primera fase de adecuaci\u00f3n. Los l\u00edmites y trazados de circuitos preexistentes que no est\u00e9n vinculados de manera directa con los cambios de jerarqu\u00eda municipal fijados por la ley provincial ser\u00e1n evaluados en una instancia posterior.<\/p>\n<p>Las actuaciones fueron remitidas al Poder Ejecutivo Nacional y al Juzgado Federal con competencia electoral de Entre R\u00edos para dar inicio formal a las adecuaciones dentro del Sistema de Gesti\u00f3n Electoral (SGE).<\/p>\n","protected":false},"excerpt":{"rendered":"<p>La C\u00e1mara Nacional Electoral (CNE) aprob\u00f3 una amplia modificaci\u00f3n de la geograf\u00eda electoral en la provincia de Entre R\u00edos a trav\u00e9s de la Resoluci\u00f3n 11\/2026. La medida dispone la creaci\u00f3n de nuevos circuitos electorales, la modificaci\u00f3n de l\u00edmites de trazados preexistentes y el cambio de denominaci\u00f3n de diversas jurisdicciones en los departamentos entrerrianos &nbsp; &nbsp; El reordenamiento responde al marco legal fijado por la Ley Provincial 11.058 (2023) y sus decretos reglamentarios, normas que reconocieron como territorio de nuevas comunas \u2014tanto de primera como de segunda categor\u00eda\u2014 a las jurisdicciones&#8230;<\/p>\n","protected":false},"author":3,"featured_media":97764,"comment_status":"closed","ping_status":"closed","sticky":false,"template":"","format":"standard","meta":[],"categories":[15],"tags":[],"_links":{"self":[{"href":"https:\/\/www.actualidadadiario.com\/index.php\/wp-json\/wp\/v2\/posts\/138807"}],"collection":[{"href":"https:\/\/www.actualidadadiario.com\/index.php\/wp-json\/wp\/v2\/posts"}],"about":[{"href":"https:\/\/www.actualidadadiario.com\/index.php\/wp-json\/wp\/v2\/types\/post"}],"author":[{"embeddable":true,"href":"https:\/\/www.actualidadadiario.com\/index.php\/wp-json\/wp\/v2\/users\/3"}],"replies":[{"embeddable":true,"href":"https:\/\/www.actualidadadiario.com\/index.php\/wp-json\/wp\/v2\/comments?post=138807"}],"version-history":[{"count":1,"href":"https:\/\/www.actualidadadiario.com\/index.php\/wp-json\/wp\/v2\/posts\/138807\/revisions"}],"predecessor-version":[{"id":138808,"href":"https:\/\/www.actualidadadiario.com\/index.php\/wp-json\/wp\/v2\/posts\/138807\/revisions\/138808"}],"wp:featuredmedia":[{"embeddable":true,"href":"https:\/\/www.actualidadadiario.com\/index.php\/wp-json\/wp\/v2\/media\/97764"}],"wp:attachment":[{"href":"https:\/\/www.actualidadadiario.com\/index.php\/wp-json\/wp\/v2\/media?parent=138807"}],"wp:term":[{"taxonomy":"category","embeddable":true,"href":"https:\/\/www.actualidadadiario.com\/index.php\/wp-json\/wp\/v2\/categories?post=138807"},{"taxonomy":"post_tag","embeddable":true,"href":"https:\/\/www.actualidadadiario.com\/index.php\/wp-json\/wp\/v2\/tags?post=138807"}],"curies":[{"name":"wp","href":"https:\/\/api.w.org\/{rel}","templated":true}]}}