{"id":138804,"date":"2026-09-03T09:38:57","date_gmt":"2026-09-03T12:38:57","guid":{"rendered":"https:\/\/www.actualidadadiario.com\/?p=138804"},"modified":"2026-09-03T09:38:57","modified_gmt":"2026-09-03T12:38:57","slug":"frigerio-anuncio-beneficios-en-la-tarifa-electrica-para-acompanar-al-sector-industrial","status":"publish","type":"post","link":"https:\/\/www.actualidadadiario.com\/index.php\/2026\/09\/03\/frigerio-anuncio-beneficios-en-la-tarifa-electrica-para-acompanar-al-sector-industrial\/","title":{"rendered":"Frigerio anunci\u00f3 beneficios en la tarifa el\u00e9ctrica para acompa\u00f1ar al sector industrial"},"content":{"rendered":"<p style=\"text-align: center;\"><em><strong>En el D\u00eda de la Industria, el gobernador Rogelio Frigerio present\u00f3 en Villaguay un esquema de asistencia para los grandes usuarios productivos afectados por los incrementos extraordinarios del Mercado El\u00e9ctrico Mayorista (MEM). La medida contempla diferimiento de pagos y financiamiento<\/strong><\/em><\/p>\n<p>&nbsp;<\/p>\n<p>&nbsp;<\/p>\n<p>El anuncio se realiz\u00f3 durante la inauguraci\u00f3n de un Sal\u00f3n de Usos M\u00faltiples en el parque industrial de Villaguay, junto al intendente Adri\u00e1n Fuertes y representantes del sector productivo.<\/p>\n<p>Frigerio explic\u00f3 que la Provincia busca mitigar el impacto de las subas extraordinarias registradas durante los \u00faltimos meses, originadas en variables del mercado el\u00e9ctrico nacional ajenas al Gobierno entrerriano.<\/p>\n<p>El esquema contempla la posibilidad de refinanciar el Cargo MEM abonado en mayo y junio, como as\u00ed tambi\u00e9n el de las facturas correspondientes a julio y agosto, en cuotas y con una tasa anual del 15 por ciento.<\/p>\n<p>El gobernador sostuvo que la medida surgi\u00f3 del di\u00e1logo y el trabajo conjunto con los grandes usuarios industriales de la provincia. En ese sentido, remarc\u00f3 que la gesti\u00f3n busca mejorar de manera sostenida la competitividad de Entre R\u00edos y reducir el peso del costo energ\u00e9tico sobre la producci\u00f3n.<\/p>\n<p>&#8220;Si despu\u00e9s de tanto tiempo producir sigue siendo solo para unos valientes, todo el esfuerzo de los industriales sirve de poco. No puede haber nada m\u00e1s importante para quienes tenemos responsabilidades en la gesti\u00f3n p\u00fablica que generar las condiciones para que haya m\u00e1s trabajo en el sector privado. Ese tiene que ser nuestro norte&#8221;, afirm\u00f3 Frigerio.<\/p>\n<p>Por su parte, Fuertes destac\u00f3 el trabajo conjunto entre el municipio y el Gobierno provincial para concretar obras de infraestructura y acompa\u00f1ar el desarrollo productivo de Villaguay.<\/p>\n<p>Luego del acto, Frigerio recorri\u00f3 el parque solar de la empresa Molinos Centro S.A., instalado en el predio industrial. El sistema cuenta con 260 paneles bifaciales de 595 W y un inversor de 150 kW, que alcanzan una potencia total instalada de 154,7 kWp.<\/p>\n<p>La inversi\u00f3n fue de 150 millones de pesos y se financi\u00f3 mediante una l\u00ednea de cr\u00e9dito del Consejo Federal de Inversiones (CFI). La energ\u00eda generada equivale aproximadamente al 39 por ciento del consumo total de la planta y se utiliza directamente en sus procesos productivos, mientras que el excedente se inyecta en la red.<\/p>\n<p>Participaron tambi\u00e9n el ministro de Desarrollo Econ\u00f3mico, Guillermo Bernaudo; el secretario de Industria, Catriel Tonutti; el senador provincial Juan Pablo Cosso; la intendenta de Paran\u00e1, Rosario Romero; representantes del sector privado y autoridades municipales de la regi\u00f3n.<\/p>\n","protected":false},"excerpt":{"rendered":"<p>En el D\u00eda de la Industria, el gobernador Rogelio Frigerio present\u00f3 en Villaguay un esquema de asistencia para los grandes usuarios productivos afectados por los incrementos extraordinarios del Mercado El\u00e9ctrico Mayorista (MEM). La medida contempla diferimiento de pagos y financiamiento &nbsp; &nbsp; El anuncio se realiz\u00f3 durante la inauguraci\u00f3n de un Sal\u00f3n de Usos M\u00faltiples en el parque industrial de Villaguay, junto al intendente Adri\u00e1n Fuertes y representantes del sector productivo. Frigerio explic\u00f3 que la Provincia busca mitigar el impacto de las subas extraordinarias registradas durante los \u00faltimos meses, originadas&#8230;<\/p>\n","protected":false},"author":3,"featured_media":138805,"comment_status":"closed","ping_status":"closed","sticky":false,"template":"","format":"standard","meta":[],"categories":[15],"tags":[],"_links":{"self":[{"href":"https:\/\/www.actualidadadiario.com\/index.php\/wp-json\/wp\/v2\/posts\/138804"}],"collection":[{"href":"https:\/\/www.actualidadadiario.com\/index.php\/wp-json\/wp\/v2\/posts"}],"about":[{"href":"https:\/\/www.actualidadadiario.com\/index.php\/wp-json\/wp\/v2\/types\/post"}],"author":[{"embeddable":true,"href":"https:\/\/www.actualidadadiario.com\/index.php\/wp-json\/wp\/v2\/users\/3"}],"replies":[{"embeddable":true,"href":"https:\/\/www.actualidadadiario.com\/index.php\/wp-json\/wp\/v2\/comments?post=138804"}],"version-history":[{"count":1,"href":"https:\/\/www.actualidadadiario.com\/index.php\/wp-json\/wp\/v2\/posts\/138804\/revisions"}],"predecessor-version":[{"id":138806,"href":"https:\/\/www.actualidadadiario.com\/index.php\/wp-json\/wp\/v2\/posts\/138804\/revisions\/138806"}],"wp:featuredmedia":[{"embeddable":true,"href":"https:\/\/www.actualidadadiario.com\/index.php\/wp-json\/wp\/v2\/media\/138805"}],"wp:attachment":[{"href":"https:\/\/www.actualidadadiario.com\/index.php\/wp-json\/wp\/v2\/media?parent=138804"}],"wp:term":[{"taxonomy":"category","embeddable":true,"href":"https:\/\/www.actualidadadiario.com\/index.php\/wp-json\/wp\/v2\/categories?post=138804"},{"taxonomy":"post_tag","embeddable":true,"href":"https:\/\/www.actualidadadiario.com\/index.php\/wp-json\/wp\/v2\/tags?post=138804"}],"curies":[{"name":"wp","href":"https:\/\/api.w.org\/{rel}","templated":true}]}}