{"id":138799,"date":"2026-09-02T09:47:29","date_gmt":"2026-09-02T12:47:29","guid":{"rendered":"https:\/\/www.actualidadadiario.com\/?p=138799"},"modified":"2026-09-02T09:47:29","modified_gmt":"2026-09-02T12:47:29","slug":"caida-en-las-ventas-de-autos-concesionarios-acusan-a-las-tasas-altas-de-los-bancos","status":"publish","type":"post","link":"https:\/\/www.actualidadadiario.com\/index.php\/2026\/09\/02\/caida-en-las-ventas-de-autos-concesionarios-acusan-a-las-tasas-altas-de-los-bancos\/","title":{"rendered":"Ca\u00edda en las ventas de autos: concesionarios acusan a las tasas altas de los bancos"},"content":{"rendered":"<p style=\"text-align: center;\"><em><strong>Concesionarios se refirieron a la ca\u00edda en las ventas y le apuntaron a las tasas altas que cobran los bancos: \u201cEst\u00e1n fuera de mercado\u201d, advierten<\/strong><\/em><\/p>\n<p>&nbsp;<\/p>\n<p>&nbsp;<\/p>\n<p>La C\u00e1mara del Comercio Automotor (CCA) inform\u00f3 que en agosto se vendieron 155.246 veh\u00edculos usados, una baja del 7,33% con respecto a igual mes del a\u00f1o pasado, cuando se comercializaron 167.525 unidades.<\/p>\n<p>Con respecto a julio (156.810 unidades), el mercado cay\u00f3 1%.<\/p>\n<p>En los 8 primeros meses del a\u00f1o se vendieron 1.203.684 unidades, una baja del 4,87% comparado con igual per\u00edodo de 2025 (1.265.292 unidades).<\/p>\n<p>Alejandro Lamas, secretario de la entidad, se pregunt\u00f3 si a partir de estas cifras negativas se est\u00e1 ante un mercado genuino.<\/p>\n<p>\u201cEl p\u00fablico est\u00e1 muy cuidadoso con su dinero al momento de adquirir un auto usado. En estos \u00faltimos meses los precios se han acomodado y la gente lo sabe\u201d, dijo Lamas.<\/p>\n<p>Explic\u00f3 que \u201cel futuro comprador camina mucho antes de realizar una operaci\u00f3n. Un relevamiento realizado por nuestra instituci\u00f3n a nivel pa\u00eds muestra el mismo comportamiento&#8221;.<\/p>\n<p>&#8220;Las agencias tienen un stock importante de productos, pero el mercado est\u00e1 duro, dif\u00edcil\u201d, expres\u00f3 el directivo.<\/p>\n<p>\u201cSi a esto le sumamos que las diferentes instituciones bancarias no ofrecen tasas competitivas que seduzcan al futuro cliente, por el contrario son tasas que no tienen relaci\u00f3n con la actualidad, lamentablemente la gente detiene la compra\u201d, mencion\u00f3.<\/p>\n<p>\u201cEl potencial comprador pelea el precio de la unidad que quiere comprar, pero cuando se le tasa el veh\u00edculo que dejar\u00eda como parte de pago, no se acomoda a la realidad de su valor\u201d, acot\u00f3.<\/p>\n<p>Consultado sobre el sector de los autos el\u00e9ctricos dijo que \u201cen Europa y Estados Unidos es muy fuerte la depreciaci\u00f3n de los veh\u00edculos el\u00e9ctricos. Hay que ver c\u00f3mo se da la situaci\u00f3n en la Argentina, donde el poder adquisitivo es distinto como para tolerar esa ca\u00edda del valor al momento de una venta\u201d.<\/p>\n<p>\u201cNo creemos que en los pr\u00f3ximos meses la situaci\u00f3n cambie. Esperamos que las ventas se mantengan y lleguemos a finales de a\u00f1o con un porcentaje de ventas parecido a 2025\u201d, apunt\u00f3 Lamas.<\/p>\n<p>&nbsp;<\/p>\n<p><strong>Ranking 10 autos usados agosto<\/strong><\/p>\n<ul>\n<li>Volkswagen Gol y Trend: 8.647<\/li>\n<li>Toyota Hilux: 5.758<\/li>\n<li>Chevrolet Corsa y Classic: 4.418<\/li>\n<li>Ford Ranger: 4.193<\/li>\n<li>Volkswagen Amarok: 4.039<\/li>\n<li>Peugeot 208: 3.493<\/li>\n<li>Ford EcoSport: 3.143<\/li>\n<li>Toyota Corolla: 3.041<\/li>\n<li>Ford Ka: 2.889<\/li>\n<li>Fiat Palio: 2.837<\/li>\n<\/ul>\n<p>&nbsp;<\/p>\n<p><strong>Provincias: porcentaje crecimiento agosto con respecto a julio<\/strong><\/p>\n<ul>\n<li>Catamarca: 10,41%<\/li>\n<li>Tucum\u00e1n: 9,73%<\/li>\n<li>La Rioja: 6,95%<\/li>\n<li>Santa Cruz: 4,80%<\/li>\n<li>Formosa: 4,43%<\/li>\n<li>Neuqu\u00e9n: 3,58%<\/li>\n<li>C\u00f3rdoba: 2,24%<\/li>\n<li>La Pampa: 1,65%<\/li>\n<li>Salta: 1,97%<\/li>\n<li>Santiago del Estero: 1,58%<\/li>\n<li>Chubut: 0,92%<\/li>\n<li>Misiones: 0,60%<\/li>\n<\/ul>\n<p>&nbsp;<\/p>\n<p><strong>Provincias: porcentaje baja agosto con respecto a julio<\/strong><\/p>\n<ul>\n<li>Chaco: 9,82%<\/li>\n<li>San Luis: 6,71%<\/li>\n<li>San Juan: 4,06%<\/li>\n<li>Santa Fe: 3,67%<\/li>\n<li>Pcia. Bs.As.: 2,31%<\/li>\n<li>R\u00edo Negro: 1,86%<\/li>\n<li>Mendoza: 1,35%<\/li>\n<li>CABA: 1,03%<\/li>\n<li>Tierra del Fuego: 1,01%<\/li>\n<li>Entre R\u00edos: 0,54%<\/li>\n<li>Corrientes: 0,21%<\/li>\n<li>Jujuy: 0,09%<\/li>\n<\/ul>\n","protected":false},"excerpt":{"rendered":"<p>Concesionarios se refirieron a la ca\u00edda en las ventas y le apuntaron a las tasas altas que cobran los bancos: \u201cEst\u00e1n fuera de mercado\u201d, advierten &nbsp; &nbsp; La C\u00e1mara del Comercio Automotor (CCA) inform\u00f3 que en agosto se vendieron 155.246 veh\u00edculos usados, una baja del 7,33% con respecto a igual mes del a\u00f1o pasado, cuando se comercializaron 167.525 unidades. Con respecto a julio (156.810 unidades), el mercado cay\u00f3 1%. En los 8 primeros meses del a\u00f1o se vendieron 1.203.684 unidades, una baja del 4,87% comparado con igual per\u00edodo de 2025&#8230;<\/p>\n","protected":false},"author":3,"featured_media":136426,"comment_status":"closed","ping_status":"closed","sticky":false,"template":"","format":"standard","meta":[],"categories":[2],"tags":[],"_links":{"self":[{"href":"https:\/\/www.actualidadadiario.com\/index.php\/wp-json\/wp\/v2\/posts\/138799"}],"collection":[{"href":"https:\/\/www.actualidadadiario.com\/index.php\/wp-json\/wp\/v2\/posts"}],"about":[{"href":"https:\/\/www.actualidadadiario.com\/index.php\/wp-json\/wp\/v2\/types\/post"}],"author":[{"embeddable":true,"href":"https:\/\/www.actualidadadiario.com\/index.php\/wp-json\/wp\/v2\/users\/3"}],"replies":[{"embeddable":true,"href":"https:\/\/www.actualidadadiario.com\/index.php\/wp-json\/wp\/v2\/comments?post=138799"}],"version-history":[{"count":1,"href":"https:\/\/www.actualidadadiario.com\/index.php\/wp-json\/wp\/v2\/posts\/138799\/revisions"}],"predecessor-version":[{"id":138800,"href":"https:\/\/www.actualidadadiario.com\/index.php\/wp-json\/wp\/v2\/posts\/138799\/revisions\/138800"}],"wp:featuredmedia":[{"embeddable":true,"href":"https:\/\/www.actualidadadiario.com\/index.php\/wp-json\/wp\/v2\/media\/136426"}],"wp:attachment":[{"href":"https:\/\/www.actualidadadiario.com\/index.php\/wp-json\/wp\/v2\/media?parent=138799"}],"wp:term":[{"taxonomy":"category","embeddable":true,"href":"https:\/\/www.actualidadadiario.com\/index.php\/wp-json\/wp\/v2\/categories?post=138799"},{"taxonomy":"post_tag","embeddable":true,"href":"https:\/\/www.actualidadadiario.com\/index.php\/wp-json\/wp\/v2\/tags?post=138799"}],"curies":[{"name":"wp","href":"https:\/\/api.w.org\/{rel}","templated":true}]}}