{"id":138797,"date":"2026-09-02T09:46:48","date_gmt":"2026-09-02T12:46:48","guid":{"rendered":"https:\/\/www.actualidadadiario.com\/?p=138797"},"modified":"2026-09-02T09:46:48","modified_gmt":"2026-09-02T12:46:48","slug":"accidentes-laborales-fijaron-nuevos-montos-de-indemnizaciones-desde-septiembre","status":"publish","type":"post","link":"https:\/\/www.actualidadadiario.com\/index.php\/2026\/09\/02\/accidentes-laborales-fijaron-nuevos-montos-de-indemnizaciones-desde-septiembre\/","title":{"rendered":"Accidentes laborales: fijaron nuevos montos de indemnizaciones desde septiembre"},"content":{"rendered":"<p style=\"text-align: center;\"><em><strong>La Superintendencia de Riesgos del Trabajo actualiz\u00f3 las compensaciones y pisos indemnizatorios por incapacidad y muerte. Los nuevos valores regir\u00e1n hasta febrero de 2027<\/strong><\/em><\/p>\n<p>&nbsp;<\/p>\n<p>&nbsp;<\/p>\n<p>La Superintendencia de Riesgos del Trabajo (SRT) estableci\u00f3 nuevos montos de compensaciones y pisos indemnizatorios del Sistema de Riesgos del Trabajo, que se aplicar\u00e1n desde el 1\u00ba de septiembre de 2026 hasta el 28 de febrero de 2027. La actualizaci\u00f3n se realiz\u00f3 seg\u00fan la variaci\u00f3n del \u00edndice RIPTE.<\/p>\n<p>La medida qued\u00f3 establecida mediante la Resoluci\u00f3n 39\/2026, que actualiz\u00f3 las compensaciones adicionales de pago \u00fanico previstas en la Ley 24.557 y los importes m\u00ednimos correspondientes a determinados supuestos de Incapacidad Laboral Permanente (ILP) y muerte.<\/p>\n<p>Seg\u00fan explic\u00f3 la resoluci\u00f3n, para determinar los nuevos valores se compar\u00f3 el \u00edndice de Remuneraci\u00f3n Imponible Promedio de los Trabajadores Estables (RIPTE) publicado en diciembre de 2025 con el correspondiente a junio de 2026. Esa variaci\u00f3n se aplic\u00f3 sobre los importes que estuvieron vigentes hasta el 31 de agosto.<\/p>\n<p>&nbsp;<\/p>\n<p><strong>Los nuevos montos establecidos<\/strong><\/p>\n<p>Para el per\u00edodo comprendido entre septiembre de 2026 y febrero de 2027, las compensaciones adicionales de pago \u00fanico previstas en el art\u00edculo 11, apartado 4, incisos a), b) y c) de la Ley de Riesgos del Trabajo quedaron establecidas en $50.824.055, $63.530.069 y $76.236.060, respectivamente.<\/p>\n<p>La resoluci\u00f3n tambi\u00e9n determin\u00f3 que, para las indemnizaciones contempladas en el art\u00edculo 14, apartado 2, incisos a) y b) de la Ley 24.557, el c\u00e1lculo no podr\u00e1 ser inferior a $114.354.110 por el porcentaje de Incapacidad Laboral Permanente que corresponda.<\/p>\n<p>Para el supuesto contemplado en el art\u00edculo 15, apartado 2 de la misma legislaci\u00f3n, la SRT estableci\u00f3 tambi\u00e9n $114.354.110 como piso m\u00ednimo para el c\u00e1lculo de la indemnizaci\u00f3n correspondiente.<\/p>\n<p>&nbsp;<\/p>\n<p><strong>Piso para casos de muerte o incapacidad total<\/strong><\/p>\n<p>Por otra parte, la norma actualiz\u00f3 el piso de la indemnizaci\u00f3n adicional de pago \u00fanico prevista en el art\u00edculo 3\u00ba de la Ley 26.773 para los casos de muerte o incapacidad total.<\/p>\n<p>En esos supuestos, el c\u00e1lculo de esa indemnizaci\u00f3n adicional no podr\u00e1 ser inferior a $21.656.176, seg\u00fan determin\u00f3 la Superintendencia de Riesgos del Trabajo.<\/p>\n<p>Los nuevos valores estar\u00e1n vigentes para el per\u00edodo comprendido entre el 1\u00ba de septiembre de 2026 y el 28 de febrero de 2027 inclusive. La Resoluci\u00f3n 39\/2026, en tanto, entrar\u00e1 en vigencia al d\u00eda siguiente de su publicaci\u00f3n en el Bolet\u00edn Oficial.<\/p>\n<p>&nbsp;<\/p>\n<p><strong>Por qu\u00e9 se actualizaron los valores<\/strong><\/p>\n<p>La normativa record\u00f3 que el r\u00e9gimen de reparaci\u00f3n de da\u00f1os derivados de accidentes de trabajo y enfermedades profesionales contempla la actualizaci\u00f3n de determinadas compensaciones y pisos m\u00ednimos mediante la evoluci\u00f3n del \u00edndice RIPTE.<\/p>\n<p>El organismo indic\u00f3 que el antecedente inmediato fue la Resoluci\u00f3n SRT 15\/2026, que hab\u00eda establecido los valores aplicables hasta el 31 de agosto. Para la nueva actualizaci\u00f3n se utiliz\u00f3 la variaci\u00f3n semestral surgida de comparar los \u00edndices correspondientes a diciembre de 2025 y junio de 2026.<\/p>\n<p>La propia resoluci\u00f3n aclar\u00f3 que la medida \u201cse limita a reflejar el resultado del c\u00e1lculo matem\u00e1tico\u201d correspondiente a la adecuaci\u00f3n por la variaci\u00f3n del RIPTE.<\/p>\n","protected":false},"excerpt":{"rendered":"<p>La Superintendencia de Riesgos del Trabajo actualiz\u00f3 las compensaciones y pisos indemnizatorios por incapacidad y muerte. Los nuevos valores regir\u00e1n hasta febrero de 2027 &nbsp; &nbsp; La Superintendencia de Riesgos del Trabajo (SRT) estableci\u00f3 nuevos montos de compensaciones y pisos indemnizatorios del Sistema de Riesgos del Trabajo, que se aplicar\u00e1n desde el 1\u00ba de septiembre de 2026 hasta el 28 de febrero de 2027. La actualizaci\u00f3n se realiz\u00f3 seg\u00fan la variaci\u00f3n del \u00edndice RIPTE. La medida qued\u00f3 establecida mediante la Resoluci\u00f3n 39\/2026, que actualiz\u00f3 las compensaciones adicionales de pago \u00fanico&#8230;<\/p>\n","protected":false},"author":3,"featured_media":121536,"comment_status":"closed","ping_status":"closed","sticky":false,"template":"","format":"standard","meta":[],"categories":[2],"tags":[],"_links":{"self":[{"href":"https:\/\/www.actualidadadiario.com\/index.php\/wp-json\/wp\/v2\/posts\/138797"}],"collection":[{"href":"https:\/\/www.actualidadadiario.com\/index.php\/wp-json\/wp\/v2\/posts"}],"about":[{"href":"https:\/\/www.actualidadadiario.com\/index.php\/wp-json\/wp\/v2\/types\/post"}],"author":[{"embeddable":true,"href":"https:\/\/www.actualidadadiario.com\/index.php\/wp-json\/wp\/v2\/users\/3"}],"replies":[{"embeddable":true,"href":"https:\/\/www.actualidadadiario.com\/index.php\/wp-json\/wp\/v2\/comments?post=138797"}],"version-history":[{"count":1,"href":"https:\/\/www.actualidadadiario.com\/index.php\/wp-json\/wp\/v2\/posts\/138797\/revisions"}],"predecessor-version":[{"id":138798,"href":"https:\/\/www.actualidadadiario.com\/index.php\/wp-json\/wp\/v2\/posts\/138797\/revisions\/138798"}],"wp:featuredmedia":[{"embeddable":true,"href":"https:\/\/www.actualidadadiario.com\/index.php\/wp-json\/wp\/v2\/media\/121536"}],"wp:attachment":[{"href":"https:\/\/www.actualidadadiario.com\/index.php\/wp-json\/wp\/v2\/media?parent=138797"}],"wp:term":[{"taxonomy":"category","embeddable":true,"href":"https:\/\/www.actualidadadiario.com\/index.php\/wp-json\/wp\/v2\/categories?post=138797"},{"taxonomy":"post_tag","embeddable":true,"href":"https:\/\/www.actualidadadiario.com\/index.php\/wp-json\/wp\/v2\/tags?post=138797"}],"curies":[{"name":"wp","href":"https:\/\/api.w.org\/{rel}","templated":true}]}}