{"id":138793,"date":"2026-09-02T09:44:56","date_gmt":"2026-09-02T12:44:56","guid":{"rendered":"https:\/\/www.actualidadadiario.com\/?p=138793"},"modified":"2026-09-02T09:44:56","modified_gmt":"2026-09-02T12:44:56","slug":"milei-hablara-en-cadena-nacional-el-jueves-sobre-las-islas-malvinas","status":"publish","type":"post","link":"https:\/\/www.actualidadadiario.com\/index.php\/2026\/09\/02\/milei-hablara-en-cadena-nacional-el-jueves-sobre-las-islas-malvinas\/","title":{"rendered":"Milei hablar\u00e1 en cadena nacional el jueves sobre las Islas Malvinas"},"content":{"rendered":"<p style=\"text-align: center;\"><em><strong>Tras expresarse brevemente sobre el tema, el Presidente confirm\u00f3 que le hablar\u00e1 a la poblaci\u00f3n para dar m\u00e1s detalles sobre el estado de la causa. El tema vuelve a la agenda central, luego de que el mandatario estadounidense, Donald Trump, haya asegurado estar &#8220;revisando la posici\u00f3n&#8221; de su pa\u00eds<\/strong><\/em><\/p>\n<p>&nbsp;<\/p>\n<p>&nbsp;<\/p>\n<p>&#8220;Ayer pas\u00f3 algo muy fuerte respecto a la causa m\u00e1s importante y sagrada que tenemos los argentinos\u201d, as\u00ed calific\u00f3 el presidente Javier Milei los dichos de Donald Trump en referencia a la postura estadounidense sobre el conflicto de soberan\u00eda sobre las Islas Malvinas. Tan solo un d\u00eda despu\u00e9s de la declaraci\u00f3n de Trump en el Sal\u00f3n Oval, el mandatario argentino confirm\u00f3 que brindar\u00e1 una conferencia de prensa el pr\u00f3ximo jueves a las 21 horas para ahondar en los avances del hist\u00f3rico reclamo argentino.<\/p>\n<p>La decisi\u00f3n llega tras la reuni\u00f3n de Gabinete que encabez\u00f3 el Presidente esta ma\u00f1ana en Casa Rosada. De la misma, formaron parte; la secretaria general de la Presidencia, Karina Milei; el jefe de Gabinete, Diego Santilli; los ministros Federico Sturzenegger (Desregulaci\u00f3n); Alejandra Monteoliva (Seguridad Nacional); Carlos Presti (Defensa); Mario Lugones (Salud); Juan Bautista Mahiques (Justicia) y Pablo Quirno (Relaciones Exteriores, Comercio Internacional y Culto); el titular de la C\u00e1mara de Diputados, Mart\u00edn Menem; la senadora nacional Patricia Bullrich; el asesor presidencial, Santiago Caputo; la secretaria de Legal y T\u00e9cnica, Mar\u00eda Ibarzabal Murphy; el vocero presidencial, Adri\u00e1n Ravier; y el secretario de Comunicaci\u00f3n y Medios, Fabi\u00e1n Fern\u00e1ndez.<\/p>\n<p>Al respecto, el vocero Adri\u00e1n Ravier confirm\u00f3 que el Presidente se encuentra trabajando en el contenido de la cadena nacional junto al canciller Quirno y la SIDE. No obstante, evit\u00f3 dar precisiones sobre la misma.<\/p>\n<p>Seg\u00fan comunicaron desde Presidencia, durante el c\u00f3nclave oficialista Quirno hizo un an\u00e1lisis sobre los avances diplom\u00e1ticos que lleva adelante la Canciller\u00eda en defensa de la soberan\u00eda de las Islas Malvinas. De esta manera &#8211; y con el envi\u00f3n de los dichos de Trump &#8211; el Gobierno determin\u00f3 que el jueves por la noche Milei encabece una cadena nacional para brindar &#8220;mayores detalles a la poblaci\u00f3n sobre este tema&#8221;.<\/p>\n<p>Antes de la reuni\u00f3n de Gabinete, el l\u00edder libertario convers\u00f3n con el periodista Luis Gasulla en radio El Observador, el mandatario adelant\u00f3 que los funcionarios analizar\u00e1n los dichos de Trump y los movimientos recientes en el tablero geopol\u00edtico. En ese marco, Milei volver\u00e1 a abordar la cuesti\u00f3n de las Malvinas, que defini\u00f3 como \u201cla causa m\u00e1s importante y sagrada que tenemos los argentinos\u201d.<\/p>\n<p>El Presidente ya hab\u00eda planteado &#8211; a principios de agosto &#8211; su expectativa de que el &#8220;cambio de estrategia&#8221; de Estados Unidos en materia internacional pudiera favorecer el reclamo argentino por la soberan\u00eda de las islas. Seg\u00fan su an\u00e1lisis, la preocupaci\u00f3n de Washington por la seguridad en el Atl\u00e1ntico Sur podr\u00eda generar un escenario favorable para la Argentina.<\/p>\n<p>\u201cNecesita un aliado confiable en el Atl\u00e1ntico Sur y nosotros lo somos\u201d, sostuvo entonces Milei en di\u00e1logo con radio Mitre, al referirse al v\u00ednculo entre ambos pa\u00edses y a la posibilidad de avanzar en el reclamo por las islas. Durante aquella entrevista, el mandatario tambi\u00e9n remarc\u00f3 que la posici\u00f3n argentina sobre las Malvinas es \u201cno negociable\u201d y diferenci\u00f3 el reclamo de soberan\u00eda de cualquier otra cuesti\u00f3n.<\/p>\n<p>&#8220;Para m\u00ed la posici\u00f3n correcta es que no hay que mezclar el agua con el aceite. Una cosa es la cuesti\u00f3n deportiva y otra las cuestiones vinculadas a la patria. Es una causa no negociable, es la causa argentina&#8221;, sostuvo.<\/p>\n<p>Milei tambi\u00e9n asegur\u00f3 que su Gobierno consigui\u00f3 los mayores avances diplom\u00e1ticos en la cuesti\u00f3n Malvinas desde el regreso de la democracia. &#8220;De hecho, desde el regreso de la democracia somos los que m\u00e1s hicimos para el objetivo final, que es que las Islas Malvinas, Georgias del Sur y Sandwich del Sur, y todo el espacio mar\u00edtimo circundante, vuelvan a la Argentina&#8221;, afirm\u00f3.<\/p>\n<p>En ese sentido, destac\u00f3 el pedido de la Organizaci\u00f3n de las Naciones Unidas (ONU) para que Argentina y el Reino Unido retomen las negociaciones y sostuvo que el reclamo argentino comenz\u00f3 a encontrar se\u00f1ales favorables en el escenario internacional: &#8220;Es un gran avance. Adem\u00e1s, tenemos apoyos fuertes, hist\u00f3ricamente de China, y ahora Estados Unidos est\u00e1 tomando posici\u00f3n hacia nuestro caso&#8221;.<\/p>\n<p>&nbsp;<\/p>\n<p><strong>Los dichos de Donald Trump, la postura del Reino Unido y el reclamo argentino<\/strong><\/p>\n<p>Las palabras de Trump volvieron a poner a la causa Malvinas en el centro de los debates geopol\u00edticos. Al ser consultado, el pasado lunes en el Sal\u00f3n Oval, sobre si su gobierno est\u00e1 reconsiderando su postura frente al conflicto, el mandatario respondi\u00f3: \u201cSiempre la reviso. Es as\u00ed con todas las posiciones. Esa es solo una de muchas\u201d.<\/p>\n<p>Trump no confirm\u00f3, sin embargo, que exista una decisi\u00f3n concreta de modificar la pol\u00edtica estadounidense respecto del archipi\u00e9lago. A continuaci\u00f3n, el presidente tambi\u00e9n hizo referencia a la situaci\u00f3n interna del Reino Unido y sostuvo: \u201cEl Reino Unido tiene algunos problemas, pero se resolver\u00e1n\u201d.<\/p>\n<p>Las declaraciones se producen en medio de las versiones sobre una posible presi\u00f3n de Washington al gobierno brit\u00e1nico para que incremente su inversi\u00f3n en Defensa. Seg\u00fan inform\u00f3 The Telegraph, funcionarios del Pent\u00e1gono habr\u00edan evaluado distintas alternativas para incentivar a los pa\u00edses aliados de la OTAN a elevar su gasto militar, entre ellas la posibilidad de revisar el respaldo estadounidense a la posici\u00f3n brit\u00e1nica sobre las Malvinas.<\/p>\n<p>La respuesta desde Londres lleg\u00f3 poco despu\u00e9s de las declaraciones del mandatario estadounidense. El ministro de Hacienda brit\u00e1nico, John Healey, asegur\u00f3 que no recibi\u00f3 &#8220;ninguna sugerencia&#8221; de funcionarios estadounidenses vinculada con las Malvinas tras los dichos de Trump y remarc\u00f3 que el Reino Unido mantiene su posici\u00f3n sobre el archipi\u00e9lago.<\/p>\n<p>&#8220;Las islas Malvinas son brit\u00e1nicas y seguir\u00e1n siendo brit\u00e1nicas mientras las islas Malvinas as\u00ed lo deseen&#8221;, afirm\u00f3 Healey en declaraciones a The Times.<\/p>\n<p>El funcionario fue el primero del gobierno brit\u00e1nico en pronunciarse sobre la cuesti\u00f3n despu\u00e9s de que Trump dejara abierta la posibilidad de revisar la postura estadounidense. El episodio vuelve a poner el conflicto por las islas en el centro de la relaci\u00f3n entre Washington y Londres, en un contexto marcado por las diferencias en torno al gasto en Defensa dentro de la OTAN.<\/p>\n<p>Washington sostiene actualmente una posici\u00f3n de &#8220;neutralidad&#8221; &#8211; al menos en debates en organismos internacionales -, aunque frente al reclamo de soberan\u00eda argentino y brit\u00e1nico, mantuvo hist\u00f3ricamente una posici\u00f3n de cercan\u00eda con su socio hist\u00f3rico. En la actualidad, el Departamento de Estado reconoce la existencia de &#8220;reclamos contrapuestos&#8221; y la existencia de una administraci\u00f3n brit\u00e1nica sobre las islas, pero sostiene que Estados Unidos no adopta una posici\u00f3n a favor de ninguna de las partes.<\/p>\n<p>La cuesti\u00f3n ya hab\u00eda generado repercusiones en abril, cuando trascendi\u00f3 un correo electr\u00f3nico interno del Pent\u00e1gono en el que se analizaban distintas alternativas para presionar a los aliados de la OTAN a incrementar su gasto militar.<\/p>\n<p>Entre las opciones mencionadas aparec\u00eda la posibilidad de suspender el respaldo estadounidense al Reino Unido en su disputa con Argentina por las Malvinas.<\/p>\n<p>En ese momento, el secretario de Estado, Marco Rubio, busc\u00f3 relativizar el alcance del documento y lo calific\u00f3 como \u201ctan solo un correo electr\u00f3nico\u201d que conten\u00eda distintas ideas. El Departamento de Estado ratific\u00f3 entonces la posici\u00f3n de neutralidad de Washington sobre la soberan\u00eda de las islas.<\/p>\n<p>Con las nuevas declaraciones de Trump, la posibilidad de una revisi\u00f3n vuelve a quedar planteada p\u00fablicamente, aunque por ahora no existe una confirmaci\u00f3n de que Estados Unidos haya decidido modificar su postura.<\/p>\n","protected":false},"excerpt":{"rendered":"<p>Tras expresarse brevemente sobre el tema, el Presidente confirm\u00f3 que le hablar\u00e1 a la poblaci\u00f3n para dar m\u00e1s detalles sobre el estado de la causa. El tema vuelve a la agenda central, luego de que el mandatario estadounidense, Donald Trump, haya asegurado estar &#8220;revisando la posici\u00f3n&#8221; de su pa\u00eds &nbsp; &nbsp; &#8220;Ayer pas\u00f3 algo muy fuerte respecto a la causa m\u00e1s importante y sagrada que tenemos los argentinos\u201d, as\u00ed calific\u00f3 el presidente Javier Milei los dichos de Donald Trump en referencia a la postura estadounidense sobre el conflicto de soberan\u00eda&#8230;<\/p>\n","protected":false},"author":3,"featured_media":133274,"comment_status":"closed","ping_status":"closed","sticky":false,"template":"","format":"standard","meta":[],"categories":[9],"tags":[],"_links":{"self":[{"href":"https:\/\/www.actualidadadiario.com\/index.php\/wp-json\/wp\/v2\/posts\/138793"}],"collection":[{"href":"https:\/\/www.actualidadadiario.com\/index.php\/wp-json\/wp\/v2\/posts"}],"about":[{"href":"https:\/\/www.actualidadadiario.com\/index.php\/wp-json\/wp\/v2\/types\/post"}],"author":[{"embeddable":true,"href":"https:\/\/www.actualidadadiario.com\/index.php\/wp-json\/wp\/v2\/users\/3"}],"replies":[{"embeddable":true,"href":"https:\/\/www.actualidadadiario.com\/index.php\/wp-json\/wp\/v2\/comments?post=138793"}],"version-history":[{"count":1,"href":"https:\/\/www.actualidadadiario.com\/index.php\/wp-json\/wp\/v2\/posts\/138793\/revisions"}],"predecessor-version":[{"id":138794,"href":"https:\/\/www.actualidadadiario.com\/index.php\/wp-json\/wp\/v2\/posts\/138793\/revisions\/138794"}],"wp:featuredmedia":[{"embeddable":true,"href":"https:\/\/www.actualidadadiario.com\/index.php\/wp-json\/wp\/v2\/media\/133274"}],"wp:attachment":[{"href":"https:\/\/www.actualidadadiario.com\/index.php\/wp-json\/wp\/v2\/media?parent=138793"}],"wp:term":[{"taxonomy":"category","embeddable":true,"href":"https:\/\/www.actualidadadiario.com\/index.php\/wp-json\/wp\/v2\/categories?post=138793"},{"taxonomy":"post_tag","embeddable":true,"href":"https:\/\/www.actualidadadiario.com\/index.php\/wp-json\/wp\/v2\/tags?post=138793"}],"curies":[{"name":"wp","href":"https:\/\/api.w.org\/{rel}","templated":true}]}}