{"id":138783,"date":"2026-09-02T09:17:01","date_gmt":"2026-09-02T12:17:01","guid":{"rendered":"https:\/\/www.actualidadadiario.com\/?p=138783"},"modified":"2026-09-02T09:17:12","modified_gmt":"2026-09-02T12:17:12","slug":"anuncian-neblinas-y-maximas-de-hasta-24-para-este-miercoles","status":"publish","type":"post","link":"https:\/\/www.actualidadadiario.com\/index.php\/2026\/09\/02\/anuncian-neblinas-y-maximas-de-hasta-24-para-este-miercoles\/","title":{"rendered":"Anuncian neblinas y m\u00e1ximas de hasta 24\u00b0 para este mi\u00e9rcoles"},"content":{"rendered":"<p style=\"text-align: center;\"><em><strong>Anuncian otra jornada con bancos de neblinas durante la madrugada y la ma\u00f1ana del jueves. Para los pr\u00f3ximos d\u00edas se anuncia que descender\u00e1n las temperaturas<\/strong><\/em><\/p>\n<p>&nbsp;<\/p>\n<p>&nbsp;<\/p>\n<p>El Servicio Meteorol\u00f3gico Nacional (SMN) pronostica neblinas para las primeras horas de este mi\u00e9rcoles. Por la tarde las condiciones clim\u00e1ticas mejorar\u00e1n, con cielo mayormente despejado y m\u00e1ximas que rondar\u00e1n los 24 grados.<\/p>\n<p>El pron\u00f3stico extendido anticipa que a partir del jueves habr\u00e1 un marcado descenso de las temperaturas y volver\u00e1n los d\u00edas de fr\u00edo extremo durante el fin de semana.<\/p>\n<p>&nbsp;<\/p>\n<p><strong>Pron\u00f3stico para hoy<\/strong><\/p>\n<p>En Paran\u00e1, La Paz, Villaguay, Diamante y Nogoy\u00e1 la m\u00ednima ser\u00e1 de 11 grados y la m\u00e1xima alcanzar\u00e1 los 24 grados. En la capital y alrededores se anuncia un d\u00eda con neblinas y cielo ligeramente nublado.<\/p>\n<p>En Concordia, Federal, Feliciano, Federaci\u00f3n y San Salvador, en tanto, se aguarda una m\u00ednima de 11 grados y una m\u00e1xima de 24 grados. All\u00ed tambi\u00e9n se prev\u00e9 un mi\u00e9rcoles con neblinas y cielo con algunas nubes.<\/p>\n<p>En Gualeguaych\u00fa, Col\u00f3n, Uruguay, Tala e Islas, por \u00faltimo, se espera una m\u00ednima de 11 grados y una m\u00e1xima de 24 grados. En estas localidades se pronostica un d\u00eda con neblinas y cielo parcialmente nublado.<\/p>\n","protected":false},"excerpt":{"rendered":"<p>Anuncian otra jornada con bancos de neblinas durante la madrugada y la ma\u00f1ana del jueves. Para los pr\u00f3ximos d\u00edas se anuncia que descender\u00e1n las temperaturas &nbsp; &nbsp; El Servicio Meteorol\u00f3gico Nacional (SMN) pronostica neblinas para las primeras horas de este mi\u00e9rcoles. Por la tarde las condiciones clim\u00e1ticas mejorar\u00e1n, con cielo mayormente despejado y m\u00e1ximas que rondar\u00e1n los 24 grados. El pron\u00f3stico extendido anticipa que a partir del jueves habr\u00e1 un marcado descenso de las temperaturas y volver\u00e1n los d\u00edas de fr\u00edo extremo durante el fin de semana. &nbsp; Pron\u00f3stico para&#8230;<\/p>\n","protected":false},"author":3,"featured_media":136292,"comment_status":"closed","ping_status":"closed","sticky":false,"template":"","format":"standard","meta":[],"categories":[15],"tags":[],"_links":{"self":[{"href":"https:\/\/www.actualidadadiario.com\/index.php\/wp-json\/wp\/v2\/posts\/138783"}],"collection":[{"href":"https:\/\/www.actualidadadiario.com\/index.php\/wp-json\/wp\/v2\/posts"}],"about":[{"href":"https:\/\/www.actualidadadiario.com\/index.php\/wp-json\/wp\/v2\/types\/post"}],"author":[{"embeddable":true,"href":"https:\/\/www.actualidadadiario.com\/index.php\/wp-json\/wp\/v2\/users\/3"}],"replies":[{"embeddable":true,"href":"https:\/\/www.actualidadadiario.com\/index.php\/wp-json\/wp\/v2\/comments?post=138783"}],"version-history":[{"count":2,"href":"https:\/\/www.actualidadadiario.com\/index.php\/wp-json\/wp\/v2\/posts\/138783\/revisions"}],"predecessor-version":[{"id":138785,"href":"https:\/\/www.actualidadadiario.com\/index.php\/wp-json\/wp\/v2\/posts\/138783\/revisions\/138785"}],"wp:featuredmedia":[{"embeddable":true,"href":"https:\/\/www.actualidadadiario.com\/index.php\/wp-json\/wp\/v2\/media\/136292"}],"wp:attachment":[{"href":"https:\/\/www.actualidadadiario.com\/index.php\/wp-json\/wp\/v2\/media?parent=138783"}],"wp:term":[{"taxonomy":"category","embeddable":true,"href":"https:\/\/www.actualidadadiario.com\/index.php\/wp-json\/wp\/v2\/categories?post=138783"},{"taxonomy":"post_tag","embeddable":true,"href":"https:\/\/www.actualidadadiario.com\/index.php\/wp-json\/wp\/v2\/tags?post=138783"}],"curies":[{"name":"wp","href":"https:\/\/api.w.org\/{rel}","templated":true}]}}