{"id":138775,"date":"2026-09-02T09:14:17","date_gmt":"2026-09-02T12:14:17","guid":{"rendered":"https:\/\/www.actualidadadiario.com\/?p=138775"},"modified":"2026-09-02T09:14:17","modified_gmt":"2026-09-02T12:14:17","slug":"femicidios-entre-rios-registra-73-vidas-perdidas-a-11-anos-del-ni-una-menos","status":"publish","type":"post","link":"https:\/\/www.actualidadadiario.com\/index.php\/2026\/09\/02\/femicidios-entre-rios-registra-73-vidas-perdidas-a-11-anos-del-ni-una-menos\/","title":{"rendered":"Femicidios: Entre R\u00edos registra 73 vidas perdidas a 11 a\u00f1os del Ni Una Menos"},"content":{"rendered":"<p style=\"text-align: center;\"><em><strong>Con tres casos registrados en 2026, el Observatorio MuMaL\u00e1 advirti\u00f3 sobre el creciente desamparo estatal en la provincia<\/strong><\/em><\/p>\n<p>&nbsp;<\/p>\n<p>&nbsp;<\/p>\n<p>A m\u00e1s de una d\u00e9cada de la hist\u00f3rica movilizaci\u00f3n que marc\u00f3 un punto de inflexi\u00f3n en la agenda p\u00fablica de Argentina, la violencia machista sigue cobr\u00e1ndose vidas en el litoral. Seg\u00fan el \u00faltimo registro nacional presentado por el Observatorio de las Mujeres de la Matria Latinoamericana (MuMaL\u00e1), Entre R\u00edos acumula un doloroso saldo de 73 femicidios en los \u00faltimos 11 a\u00f1os (per\u00edodo comprendido entre el 3 de junio de 2015 y el 30 de mayo de 2026).<\/p>\n<p>A nivel provincial, esto representa una tasa hist\u00f3rica acumulada de 0,8 femicidios cada 100.000 mujeres y disidencias, ubic\u00e1ndose ligeramente por debajo de la media nacional (1,1 casos), pero consolidando un escenario de extrema preocupaci\u00f3n territorial. En lo que va de 2026, Entre R\u00edos ya registra 3 femicidios concretados (tasa de 0,3), sum\u00e1ndose a la dram\u00e1tica cifra de 105 muertes violentas registradas en todo el pa\u00eds en apenas cinco meses.<\/p>\n<p>&nbsp;<\/p>\n<p><strong>La coordinaci\u00f3n local frente al desamparo territorial<\/strong><\/p>\n<p>El trabajo de detecci\u00f3n, visibilizaci\u00f3n y seguimiento de estos casos en la provincia es llevado adelante por el equipo federal de MuMaL\u00e1, que tiene a Silvana Lagra\u00f1a como referente local para Entre R\u00edos y Corrientes. Desde la organizaci\u00f3n advierten que detr\u00e1s de cada n\u00famero hay una historia de desprotecci\u00f3n estatal que se repite.<\/p>\n<p>Al analizar la cronicidad de los casos entrerrianos y nacionales, el Observatorio destaca que \u201clas din\u00e1micas de la violencia de g\u00e9nero extrema que derivan en feminicidios son en su mayor\u00eda cr\u00f3nicas y sostenidas en el tiempo, esto da cuenta de la falta de herramientas de prevenci\u00f3n y asistencia que opera desalentando a las v\u00edctimas a recurrir a los dispositivos institucionales correspondientes&#8221;.<\/p>\n<p>&nbsp;<\/p>\n<p><strong>El hogar como la principal trampa de violencia<\/strong><\/p>\n<p>Los datos de la provincia se inscriben en una alarmante matriz nacional donde el c\u00edrculo \u00edntimo y el entorno familiar constituyen el mayor peligro para las mujeres y disidencias entrerrianas. Las estad\u00edsticas revelan que el 65% de los femicidios ocurrieron en la vivienda de la v\u00edctima o en el hogar compartido con el agresor, mientras que el 69% de los victimarios eran parejas, ex parejas o familiares directos.<\/p>\n<p>Este panorama se torna a\u00fan m\u00e1s complejo cuando intervienen factores de poder institucional. A nivel general, el informe destaca que el 8% de los femicidas eran miembros activos o retirados de las fuerzas de seguridad, un agrupamiento profesional que en el 52% de los casos utiliz\u00f3 su propia arma reglamentaria para cometer el crimen.<\/p>\n<p>&nbsp;<\/p>\n<p><strong>Desplome de denuncias y el reclamo de emergencia en Entre R\u00edos<\/strong><\/p>\n<p>Uno de los indicadores m\u00e1s graves que impacta directamente en las din\u00e1micas locales es el obst\u00e1culo para acceder a una protecci\u00f3n real. Mientras que el promedio de denuncias previas de la \u00faltima d\u00e9cada se ubicaba en el 17%, en lo que va de 2026 apenas el 9% de las v\u00edctimas a nivel nacional hab\u00eda logrado denunciar previamente a su agresor.<\/p>\n<p>Para la militancia local, este desplome es la consecuencia directa del retroceso de las pol\u00edticas de acompa\u00f1amiento. En sus conclusiones, el informe apunta directamente contra el actual gobierno de Javier Milei, se\u00f1alando que &#8220;declara y ejerce el negacionismo de la violencia de g\u00e9nero&#8221; y que lleva adelante un &#8220;ataque directo hacia la agenda de g\u00e9nero y la diversidad expresado en el cierre y eliminaci\u00f3n de programas de asistencia [y] desjerarquizaci\u00f3n institucional&#8221;.<\/p>\n<p>Ante la falta de presupuesto y de respuestas efectivas en las comunas entrerrianas, la campa\u00f1a por la Declaraci\u00f3n de la Emergencia Nacional en Violencia de G\u00e9nero sigue sumando adhesiones en la provincia. La demanda social en las calles de Entre R\u00edos se mantiene firme bajo las consignas centrales del Observatorio &#8220;\u00a1Ni una menos por el ajuste! \u00a1Ni una menos por la violencia machista! Nos mata el machismo, nos golpea la pobreza&#8221;.<\/p>\n","protected":false},"excerpt":{"rendered":"<p>Con tres casos registrados en 2026, el Observatorio MuMaL\u00e1 advirti\u00f3 sobre el creciente desamparo estatal en la provincia &nbsp; &nbsp; A m\u00e1s de una d\u00e9cada de la hist\u00f3rica movilizaci\u00f3n que marc\u00f3 un punto de inflexi\u00f3n en la agenda p\u00fablica de Argentina, la violencia machista sigue cobr\u00e1ndose vidas en el litoral. Seg\u00fan el \u00faltimo registro nacional presentado por el Observatorio de las Mujeres de la Matria Latinoamericana (MuMaL\u00e1), Entre R\u00edos acumula un doloroso saldo de 73 femicidios en los \u00faltimos 11 a\u00f1os (per\u00edodo comprendido entre el 3 de junio de 2015&#8230;<\/p>\n","protected":false},"author":3,"featured_media":59783,"comment_status":"closed","ping_status":"closed","sticky":false,"template":"","format":"standard","meta":[],"categories":[9],"tags":[],"_links":{"self":[{"href":"https:\/\/www.actualidadadiario.com\/index.php\/wp-json\/wp\/v2\/posts\/138775"}],"collection":[{"href":"https:\/\/www.actualidadadiario.com\/index.php\/wp-json\/wp\/v2\/posts"}],"about":[{"href":"https:\/\/www.actualidadadiario.com\/index.php\/wp-json\/wp\/v2\/types\/post"}],"author":[{"embeddable":true,"href":"https:\/\/www.actualidadadiario.com\/index.php\/wp-json\/wp\/v2\/users\/3"}],"replies":[{"embeddable":true,"href":"https:\/\/www.actualidadadiario.com\/index.php\/wp-json\/wp\/v2\/comments?post=138775"}],"version-history":[{"count":1,"href":"https:\/\/www.actualidadadiario.com\/index.php\/wp-json\/wp\/v2\/posts\/138775\/revisions"}],"predecessor-version":[{"id":138776,"href":"https:\/\/www.actualidadadiario.com\/index.php\/wp-json\/wp\/v2\/posts\/138775\/revisions\/138776"}],"wp:featuredmedia":[{"embeddable":true,"href":"https:\/\/www.actualidadadiario.com\/index.php\/wp-json\/wp\/v2\/media\/59783"}],"wp:attachment":[{"href":"https:\/\/www.actualidadadiario.com\/index.php\/wp-json\/wp\/v2\/media?parent=138775"}],"wp:term":[{"taxonomy":"category","embeddable":true,"href":"https:\/\/www.actualidadadiario.com\/index.php\/wp-json\/wp\/v2\/categories?post=138775"},{"taxonomy":"post_tag","embeddable":true,"href":"https:\/\/www.actualidadadiario.com\/index.php\/wp-json\/wp\/v2\/tags?post=138775"}],"curies":[{"name":"wp","href":"https:\/\/api.w.org\/{rel}","templated":true}]}}