{"id":136774,"date":"2026-04-30T09:39:13","date_gmt":"2026-04-30T12:39:13","guid":{"rendered":"https:\/\/www.actualidadadiario.com\/?p=136774"},"modified":"2026-04-30T09:39:13","modified_gmt":"2026-04-30T12:39:13","slug":"argentina-retrocede-en-el-ranking-de-libertad-de-prensa-mundial","status":"publish","type":"post","link":"https:\/\/www.actualidadadiario.com\/index.php\/2026\/04\/30\/argentina-retrocede-en-el-ranking-de-libertad-de-prensa-mundial\/","title":{"rendered":"Argentina retrocede en el ranking de libertad de prensa mundial"},"content":{"rendered":"<p style=\"text-align: center;\"><em><strong>M\u00e1s del 50% de los pa\u00edses del mundo est\u00e1 en situaci\u00f3n \u201cdif\u00edcil\u201d o \u201cmuy grave\u201d<\/strong><\/em><\/p>\n<p>&nbsp;<\/p>\n<p>&nbsp;<\/p>\n<p>La libertad de prensa en el mundo cay\u00f3 a su nivel m\u00e1s bajo de los \u00faltimos 25 a\u00f1os, advirti\u00f3 este jueves la organizaci\u00f3n internacional Reporteros Sin Fronteras (RSF) en su clasificaci\u00f3n anual, donde varios pa\u00edses de Am\u00e9rica Latina se ven \u201csumidos en una espiral de violencia y represi\u00f3n\u201d, mientras que Estados Unidos baj\u00f3 7 puestos.<\/p>\n<p>Los motivos se deben a \u201carsenales legislativos cada vez m\u00e1s restrictivos, que se escudan casi siempre en las pol\u00edticas de seguridad nacional\u201d, los cuales \u201cerosionan desde 2001 el derecho a la informaci\u00f3n, incluso en las democracias\u201d, indica el informe.<\/p>\n<p>En ese sentido, m\u00e1s de la mitad (52,2%) de los pa\u00edses del mundo se encuentran en una situaci\u00f3n \u201cdif\u00edcil\u201d o \u201cmuy grave\u201d, mientras que en la primera edici\u00f3n del ranking, de 2002, estos representaban una \u00ednfima minor\u00eda (13,7%).<\/p>\n<p>El reporte menciona los ataques a la prensa por parte del presidente de Estados Unidos, Donald Trump, como \u201cuna pr\u00e1ctica sistem\u00e1tica\u201d. Ejemplo de esto fue la detenci\u00f3n y posterior expulsi\u00f3n del periodista salvadore\u00f1o Mario Guevara, que informaba sobre los arrestos de migrantes.<\/p>\n<p>Por otro lado, RSF hace hincapi\u00e9 en los &#8220;fervientes defensores&#8221; de Trump en Am\u00e9rica Latina, quienes \u201creproducen el manual del inquilino de la Casa Blanca contra los medios de comunicaci\u00f3n\u201d como el presidente Javier Milei y su par salvadore\u00f1o Nayib Bukele, cuyos pa\u00edses retroceden igualmente en la lista.<\/p>\n<p>&nbsp;<\/p>\n<p><strong>En qu\u00e9 puesto est\u00e1 Argentina<\/strong><\/p>\n<p>Por el auge de la hostilidad institucional hacia la prensa y los actos de violencia contra los periodistas que cubren las manifestaciones, Argentina cay\u00f3 11 puestos y se sit\u00faa en el puesto 98. Todo esto en un contexto en el que el conflicto entre el Gobierno de Milei y los medios de comunicaci\u00f3n sum\u00f3 esta semana un nuevo cap\u00edtulo luego de que el Ejecutivo dispusiera un cierre generalizado del acceso a la prensa a Casa Rosada.<\/p>\n<p>&nbsp;<\/p>\n<p><strong>Am\u00e9rica Latina se hunde<\/strong><\/p>\n<p>El Salvador cedi\u00f3 ocho lugares y qued\u00f3 en el 143, tras intensificar la criminalizaci\u00f3n del periodismo. Debido al crimen organizado, Ecuador (125) perdi\u00f3 31 puestos tras los asesinatos de Darwin Baque y Patricio Aguilar. Tambi\u00e9n en Per\u00fa (144; -14) recrudeci\u00f3 la violencia y registr\u00f3 cuatro asesinatos de periodistas en 2025. Por su parte, Venezuela (159) sigue inmersa en una gran incertidumbre en cuanto a las garant\u00edas de la libertad de informaci\u00f3n, a pesar de la liberaci\u00f3n, a principios de a\u00f1o, de periodistas encarcelados. Mientras que Cuba (160) atraviesa una profunda crisis que obliga a los escasos periodistas independientes a operar cada vez m\u00e1s en la clandestinidad, en Nicaragua (168) el panorama medi\u00e1tico est\u00e1 \u201cen ruinas\u201d, v\u00edctima de una represi\u00f3n sistem\u00e1tica y un deterioro permanente de las condiciones de ejercicio de la profesi\u00f3n.<\/p>\n","protected":false},"excerpt":{"rendered":"<p>M\u00e1s del 50% de los pa\u00edses del mundo est\u00e1 en situaci\u00f3n \u201cdif\u00edcil\u201d o \u201cmuy grave\u201d &nbsp; &nbsp; La libertad de prensa en el mundo cay\u00f3 a su nivel m\u00e1s bajo de los \u00faltimos 25 a\u00f1os, advirti\u00f3 este jueves la organizaci\u00f3n internacional Reporteros Sin Fronteras (RSF) en su clasificaci\u00f3n anual, donde varios pa\u00edses de Am\u00e9rica Latina se ven \u201csumidos en una espiral de violencia y represi\u00f3n\u201d, mientras que Estados Unidos baj\u00f3 7 puestos. Los motivos se deben a \u201carsenales legislativos cada vez m\u00e1s restrictivos, que se escudan casi siempre en las&#8230;<\/p>\n","protected":false},"author":3,"featured_media":135870,"comment_status":"closed","ping_status":"closed","sticky":false,"template":"","format":"standard","meta":[],"categories":[9],"tags":[],"_links":{"self":[{"href":"https:\/\/www.actualidadadiario.com\/index.php\/wp-json\/wp\/v2\/posts\/136774"}],"collection":[{"href":"https:\/\/www.actualidadadiario.com\/index.php\/wp-json\/wp\/v2\/posts"}],"about":[{"href":"https:\/\/www.actualidadadiario.com\/index.php\/wp-json\/wp\/v2\/types\/post"}],"author":[{"embeddable":true,"href":"https:\/\/www.actualidadadiario.com\/index.php\/wp-json\/wp\/v2\/users\/3"}],"replies":[{"embeddable":true,"href":"https:\/\/www.actualidadadiario.com\/index.php\/wp-json\/wp\/v2\/comments?post=136774"}],"version-history":[{"count":1,"href":"https:\/\/www.actualidadadiario.com\/index.php\/wp-json\/wp\/v2\/posts\/136774\/revisions"}],"predecessor-version":[{"id":136775,"href":"https:\/\/www.actualidadadiario.com\/index.php\/wp-json\/wp\/v2\/posts\/136774\/revisions\/136775"}],"wp:featuredmedia":[{"embeddable":true,"href":"https:\/\/www.actualidadadiario.com\/index.php\/wp-json\/wp\/v2\/media\/135870"}],"wp:attachment":[{"href":"https:\/\/www.actualidadadiario.com\/index.php\/wp-json\/wp\/v2\/media?parent=136774"}],"wp:term":[{"taxonomy":"category","embeddable":true,"href":"https:\/\/www.actualidadadiario.com\/index.php\/wp-json\/wp\/v2\/categories?post=136774"},{"taxonomy":"post_tag","embeddable":true,"href":"https:\/\/www.actualidadadiario.com\/index.php\/wp-json\/wp\/v2\/tags?post=136774"}],"curies":[{"name":"wp","href":"https:\/\/api.w.org\/{rel}","templated":true}]}}