{"id":136771,"date":"2026-04-30T09:27:42","date_gmt":"2026-04-30T12:27:42","guid":{"rendered":"https:\/\/www.actualidadadiario.com\/?p=136771"},"modified":"2026-04-30T09:27:42","modified_gmt":"2026-04-30T12:27:42","slug":"milei-ya-gasto-mas-de-4-700-millones-en-viajes-al-exterior-desde-que-asumio","status":"publish","type":"post","link":"https:\/\/www.actualidadadiario.com\/index.php\/2026\/04\/30\/milei-ya-gasto-mas-de-4-700-millones-en-viajes-al-exterior-desde-que-asumio\/","title":{"rendered":"Milei ya gast\u00f3 m\u00e1s de $4.700 millones en viajes al exterior desde que asumi\u00f3"},"content":{"rendered":"<p style=\"text-align: center;\"><em><strong>Un informe oficial expuso el fuerte gasto de Javier Milei en giras internacionales y volvi\u00f3 a poner la lupa sobre el uso de fondos p\u00fablicos<\/strong><\/em><\/p>\n<p>&nbsp;<\/p>\n<p>&nbsp;<\/p>\n<p>El presidente Javier Milei acumula un gasto superior a los $4.700 millones en viajes internacionales desde el inicio de su mandato, seg\u00fan surge de los informes de gesti\u00f3n presentados por la Jefatura de Gabinete ante el Congreso nacional.<\/p>\n<p>La cifra contempla los desembolsos realizados entre diciembre de 2023 y marzo de 2026, e incluye vuelos oficiales, hospedajes y traslados de la comitiva presidencial en una agenda internacional marcada por visitas a Estados Unidos, Europa y pa\u00edses de la regi\u00f3n.<\/p>\n<p>&nbsp;<\/p>\n<p><strong>El \u00faltimo informe sum\u00f3 otros $437 millones<\/strong><\/p>\n<p>De acuerdo con el \u00faltimo reporte elevado a la C\u00e1mara de Diputados por el jefe de Gabinete, Manuel Adorni, entre septiembre de 2025 y marzo de 2026 el Estado destin\u00f3 $437 millones para financiar 13 viajes oficiales del mandatario al exterior.<\/p>\n<p>&nbsp;<\/p>\n<p><strong>Ese monto se suma a:<\/strong><\/p>\n<ul>\n<li>$2.300 millones entre diciembre de 2023 y septiembre de 2024<\/li>\n<li>$1.970 millones durante el segundo a\u00f1o de gesti\u00f3n<\/li>\n<li>$437 millones en los \u00faltimos siete meses relevados<\/li>\n<\/ul>\n<p>Con esos n\u00fameros, el total de gastos vinculados a las giras internacionales del Presidente ya supera los $4.700 millones.<\/p>\n<p>&nbsp;<\/p>\n<p><strong>Estados Unidos fue el destino m\u00e1s frecuente<\/strong><\/p>\n<p>Estados Unidos aparece como el pa\u00eds m\u00e1s visitado por Milei durante su gesti\u00f3n. All\u00ed mantuvo reuniones con dirigentes pol\u00edticos, empresarios y organismos internacionales, adem\u00e1s de participar en encuentros ideol\u00f3gicos conservadores.<\/p>\n<p>&nbsp;<\/p>\n<p><strong>Entre las ciudades m\u00e1s visitadas figuran:<\/strong><\/p>\n<ul>\n<li>Washington<\/li>\n<li>Nueva York<\/li>\n<li>Miami<\/li>\n<li>Los \u00c1ngeles<\/li>\n<li>West Palm Beach<\/li>\n<\/ul>\n<p>&nbsp;<\/p>\n<p><strong>Nueva York fue uno de los viajes m\u00e1s caros<\/strong><\/p>\n<p>Uno de los desplazamientos m\u00e1s costosos ocurri\u00f3 durante la participaci\u00f3n en la Asamblea General de la ONU en Nueva York, donde en apenas tres d\u00edas se habr\u00edan gastado m\u00e1s de $115 millones entre vuelo, alojamiento y log\u00edstica presidencial.<\/p>\n<p>&nbsp;<\/p>\n<p><strong>Tambi\u00e9n se destacaron gastos importantes en:<\/strong><\/p>\n<ul>\n<li>Davos, por el Foro Econ\u00f3mico Mundial<\/li>\n<li>Madrid, por encuentros econ\u00f3micos<\/li>\n<li>Budapest, por reuniones pol\u00edticas internacionales<\/li>\n<\/ul>\n<p>&nbsp;<\/p>\n<p><strong>La pol\u00e9mica por la comitiva oficial<\/strong><\/p>\n<p>Uno de los puntos que gener\u00f3 mayor controversia fue la inclusi\u00f3n de Bettina Angeletti, esposa de Adorni, en uno de los vuelos oficiales hacia Nueva York en car\u00e1cter de \u201cinvitada\u201d, seg\u00fan reconoci\u00f3 el propio informe de gesti\u00f3n.<\/p>\n<p>La situaci\u00f3n deriv\u00f3 en una investigaci\u00f3n judicial que luego fue archivada al considerar que la presencia de la acompa\u00f1ante no gener\u00f3 un costo adicional para el Estado por la disponibilidad de asientos en la aeronave presidencial.<\/p>\n<p>Sin embargo, el episodio volvi\u00f3 a instalar el debate sobre el uso de recursos p\u00fablicos en medio del ajuste impulsado por la administraci\u00f3n libertaria.<\/p>\n<p>&nbsp;<\/p>\n<p><strong>Italia y Espa\u00f1a entre los destinos m\u00e1s repetidos<\/strong><\/p>\n<p>Adem\u00e1s de Estados Unidos, otros destinos recurrentes del Presidente fueron:<\/p>\n<p><strong>Italia<\/strong><\/p>\n<p>Milei viaj\u00f3 en al menos cinco oportunidades a Italia, incluyendo visitas institucionales y su participaci\u00f3n en ceremonias oficiales tras la muerte del papa Francisco.<\/p>\n<p>&nbsp;<\/p>\n<p><strong>Espa\u00f1a<\/strong><\/p>\n<p>En Espa\u00f1a tambi\u00e9n concentr\u00f3 varios viajes, donde mantuvo reuniones con dirigentes de VOX y empresarios, adem\u00e1s de participar en foros econ\u00f3micos y pol\u00edticos vinculados a sectores conservadores.<\/p>\n<p>&nbsp;<\/p>\n<p><strong>Paraguay lider\u00f3 entre los viajes regionales<\/strong><\/p>\n<p>Dentro de Sudam\u00e9rica, Paraguay fue el pa\u00eds m\u00e1s visitado por Milei, con al menos tres viajes en menos de un a\u00f1o para reuniones bilaterales con el presidente Santiago Pe\u00f1a y actividades relacionadas con el Mercosur.<\/p>\n<p>&nbsp;<\/p>\n<p><strong>Tambi\u00e9n integraron la agenda regional:<\/strong><\/p>\n<ul>\n<li>Brasil<\/li>\n<li>Uruguay<\/li>\n<li>Chile<\/li>\n<\/ul>\n<p>El volumen de recursos destinados a los viajes presidenciales qued\u00f3 bajo an\u00e1lisis pol\u00edtico en un contexto de fuerte ajuste fiscal interno, reducci\u00f3n del gasto p\u00fablico y ca\u00edda del poder adquisitivo.<\/p>\n<p>Mientras el Gobierno defiende la agenda internacional como parte de la b\u00fasqueda de inversiones y respaldo pol\u00edtico para el programa econ\u00f3mico, la oposici\u00f3n comenz\u00f3 a cuestionar el costo de una estrategia exterior que ya demand\u00f3 miles de millones de pesos al Estado.<\/p>\n","protected":false},"excerpt":{"rendered":"<p>Un informe oficial expuso el fuerte gasto de Javier Milei en giras internacionales y volvi\u00f3 a poner la lupa sobre el uso de fondos p\u00fablicos &nbsp; &nbsp; El presidente Javier Milei acumula un gasto superior a los $4.700 millones en viajes internacionales desde el inicio de su mandato, seg\u00fan surge de los informes de gesti\u00f3n presentados por la Jefatura de Gabinete ante el Congreso nacional. La cifra contempla los desembolsos realizados entre diciembre de 2023 y marzo de 2026, e incluye vuelos oficiales, hospedajes y traslados de la comitiva presidencial&#8230;<\/p>\n","protected":false},"author":3,"featured_media":136772,"comment_status":"closed","ping_status":"closed","sticky":false,"template":"","format":"standard","meta":[],"categories":[9],"tags":[],"_links":{"self":[{"href":"https:\/\/www.actualidadadiario.com\/index.php\/wp-json\/wp\/v2\/posts\/136771"}],"collection":[{"href":"https:\/\/www.actualidadadiario.com\/index.php\/wp-json\/wp\/v2\/posts"}],"about":[{"href":"https:\/\/www.actualidadadiario.com\/index.php\/wp-json\/wp\/v2\/types\/post"}],"author":[{"embeddable":true,"href":"https:\/\/www.actualidadadiario.com\/index.php\/wp-json\/wp\/v2\/users\/3"}],"replies":[{"embeddable":true,"href":"https:\/\/www.actualidadadiario.com\/index.php\/wp-json\/wp\/v2\/comments?post=136771"}],"version-history":[{"count":1,"href":"https:\/\/www.actualidadadiario.com\/index.php\/wp-json\/wp\/v2\/posts\/136771\/revisions"}],"predecessor-version":[{"id":136773,"href":"https:\/\/www.actualidadadiario.com\/index.php\/wp-json\/wp\/v2\/posts\/136771\/revisions\/136773"}],"wp:featuredmedia":[{"embeddable":true,"href":"https:\/\/www.actualidadadiario.com\/index.php\/wp-json\/wp\/v2\/media\/136772"}],"wp:attachment":[{"href":"https:\/\/www.actualidadadiario.com\/index.php\/wp-json\/wp\/v2\/media?parent=136771"}],"wp:term":[{"taxonomy":"category","embeddable":true,"href":"https:\/\/www.actualidadadiario.com\/index.php\/wp-json\/wp\/v2\/categories?post=136771"},{"taxonomy":"post_tag","embeddable":true,"href":"https:\/\/www.actualidadadiario.com\/index.php\/wp-json\/wp\/v2\/tags?post=136771"}],"curies":[{"name":"wp","href":"https:\/\/api.w.org\/{rel}","templated":true}]}}