{"id":136764,"date":"2026-04-30T09:15:48","date_gmt":"2026-04-30T12:15:48","guid":{"rendered":"https:\/\/www.actualidadadiario.com\/?p=136764"},"modified":"2026-04-30T09:15:48","modified_gmt":"2026-04-30T12:15:48","slug":"docentes-entrerrianos-haran-una-vigilia-frente-a-la-casa-de-gobierno","status":"publish","type":"post","link":"https:\/\/www.actualidadadiario.com\/index.php\/2026\/04\/30\/docentes-entrerrianos-haran-una-vigilia-frente-a-la-casa-de-gobierno\/","title":{"rendered":"Docentes entrerrianos har\u00e1n una vigilia frente a la Casa de Gobierno"},"content":{"rendered":"<p style=\"text-align: center;\"><em><strong>La Asociaci\u00f3n Gremial del Magisterio de Entre R\u00edos (Agmer) convoc\u00f3 a una nueva Jornada Provincial de Lucha para este jueves 30 de abril, que incluir\u00e1 una vigilia en la previa del D\u00eda Internacional de los Trabajadores. La actividad se desarrollar\u00e1 desde las 20 frente a Casa de Gobierno con el fin de visibilizar una serie de reclamos vinculados a la situaci\u00f3n del sector<\/strong><\/em><\/p>\n<p>&nbsp;<\/p>\n<p>&nbsp;<\/p>\n<p>Seg\u00fan difundi\u00f3 el gremio a trav\u00e9s de sus redes sociales, la convocatoria se enmarca en la defensa de la Caja de Jubilaciones y del sistema previsional, el reclamo por salarios dignos y el rechazo a pol\u00edticas de ajuste en el \u00e1mbito educativo.<\/p>\n<p>En ese marco, desde Agmer invitaron a la comunidad a sumarse y acompa\u00f1ar la jornada, que contar\u00e1 con una olla popular y n\u00fameros art\u00edsticos como parte de las actividades previstas.<\/p>\n<p>Asimismo, reiteraron su postura en contra de la inminente reforma previsional y remarcaron la consigna de sostener los derechos adquiridos. \u201cCon nuestros derechos, ni un paso atr\u00e1s\u201d, expresaron desde la organizaci\u00f3n sindical.<\/p>\n<p>La vigilia se da en el marco de la reapertura de la paritaria salarial, ya que d\u00edas atr\u00e1s el Gobierno provincial convoc\u00f3 a reanudar las negociaciones: la cita es el jueves 7 de mayo a las 15, instancia en la que se espera que contin\u00faen las discusiones en torno a salarios y condiciones laborales del sector.<\/p>\n","protected":false},"excerpt":{"rendered":"<p>La Asociaci\u00f3n Gremial del Magisterio de Entre R\u00edos (Agmer) convoc\u00f3 a una nueva Jornada Provincial de Lucha para este jueves 30 de abril, que incluir\u00e1 una vigilia en la previa del D\u00eda Internacional de los Trabajadores. La actividad se desarrollar\u00e1 desde las 20 frente a Casa de Gobierno con el fin de visibilizar una serie de reclamos vinculados a la situaci\u00f3n del sector &nbsp; &nbsp; Seg\u00fan difundi\u00f3 el gremio a trav\u00e9s de sus redes sociales, la convocatoria se enmarca en la defensa de la Caja de Jubilaciones y del sistema&#8230;<\/p>\n","protected":false},"author":3,"featured_media":136765,"comment_status":"closed","ping_status":"closed","sticky":false,"template":"","format":"standard","meta":[],"categories":[15],"tags":[],"_links":{"self":[{"href":"https:\/\/www.actualidadadiario.com\/index.php\/wp-json\/wp\/v2\/posts\/136764"}],"collection":[{"href":"https:\/\/www.actualidadadiario.com\/index.php\/wp-json\/wp\/v2\/posts"}],"about":[{"href":"https:\/\/www.actualidadadiario.com\/index.php\/wp-json\/wp\/v2\/types\/post"}],"author":[{"embeddable":true,"href":"https:\/\/www.actualidadadiario.com\/index.php\/wp-json\/wp\/v2\/users\/3"}],"replies":[{"embeddable":true,"href":"https:\/\/www.actualidadadiario.com\/index.php\/wp-json\/wp\/v2\/comments?post=136764"}],"version-history":[{"count":1,"href":"https:\/\/www.actualidadadiario.com\/index.php\/wp-json\/wp\/v2\/posts\/136764\/revisions"}],"predecessor-version":[{"id":136766,"href":"https:\/\/www.actualidadadiario.com\/index.php\/wp-json\/wp\/v2\/posts\/136764\/revisions\/136766"}],"wp:featuredmedia":[{"embeddable":true,"href":"https:\/\/www.actualidadadiario.com\/index.php\/wp-json\/wp\/v2\/media\/136765"}],"wp:attachment":[{"href":"https:\/\/www.actualidadadiario.com\/index.php\/wp-json\/wp\/v2\/media?parent=136764"}],"wp:term":[{"taxonomy":"category","embeddable":true,"href":"https:\/\/www.actualidadadiario.com\/index.php\/wp-json\/wp\/v2\/categories?post=136764"},{"taxonomy":"post_tag","embeddable":true,"href":"https:\/\/www.actualidadadiario.com\/index.php\/wp-json\/wp\/v2\/tags?post=136764"}],"curies":[{"name":"wp","href":"https:\/\/api.w.org\/{rel}","templated":true}]}}