{"id":136759,"date":"2026-04-30T09:13:55","date_gmt":"2026-04-30T12:13:55","guid":{"rendered":"https:\/\/www.actualidadadiario.com\/?p=136759"},"modified":"2026-04-30T09:13:55","modified_gmt":"2026-04-30T12:13:55","slug":"habilitan-el-tramite-online-para-gestionar-la-constancia-de-la-verificacion-tecnica-vehicular","status":"publish","type":"post","link":"https:\/\/www.actualidadadiario.com\/index.php\/2026\/04\/30\/habilitan-el-tramite-online-para-gestionar-la-constancia-de-la-verificacion-tecnica-vehicular\/","title":{"rendered":"Habilitan el tr\u00e1mite online para gestionar la constancia de la Verificaci\u00f3n T\u00e9cnica Vehicular"},"content":{"rendered":"<p style=\"text-align: center;\"><em><strong>El Gobierno de Entre R\u00edos habilit\u00f3 el tr\u00e1mite online para gestionar la constancia que acredita que la Verificaci\u00f3n T\u00e9cnica Vehicular (VTV) no es obligatoria para circular dentro de la provincia. La iniciativa se enmarca en el proceso de modernizaci\u00f3n del Estado y es el resultado de un trabajo conjunto entre el Ministerio de Econom\u00eda y las secretar\u00edas de Transporte y de Modernizaci\u00f3n<\/strong><\/em><\/p>\n<p>&nbsp;<\/p>\n<p>&nbsp;<\/p>\n<p>La medida est\u00e1 destinada a veh\u00edculos particulares radicados en Entre R\u00edos, cuyos titulares tengan domicilio en la provincia. La nueva modalidad digital permite simplificar el proceso, evitar instancias presenciales y facilitar el acceso desde cualquier punto del territorio.<\/p>\n<p>&nbsp;<\/p>\n<p>El tr\u00e1mite se realiza a trav\u00e9s de la plataforma Mi Entre R\u00edos, donde se emite una constancia que certifica la exenci\u00f3n de la Revisi\u00f3n T\u00e9cnica Obligatoria (RTO), conocida en otras jurisdicciones como Verificaci\u00f3n T\u00e9cnica Vehicular (VTV).<\/p>\n<p>En este marco, el ministro de Econom\u00eda y Servicios P\u00fablicos, Fabi\u00e1n Boleas, destac\u00f3 que &#8220;este es un paso m\u00e1s en el proceso de digitalizaci\u00f3n que venimos llevando adelante en la provincia. Como plantea el gobernador, se trata de traer a Entre R\u00edos al siglo XXI. En este caso, incorporamos a la plataforma Mi Entre R\u00edos un tr\u00e1mite clave como la VTV, que antes era manual y presencial. Se suma as\u00ed a otros avances importantes, como la digitalizaci\u00f3n de turnos de salud, la simplificaci\u00f3n del v\u00ednculo con ATER mediante la eliminaci\u00f3n de m\u00e1s de 100 tasas, y las mejoras en transporte con la implementaci\u00f3n de la SUBE y la gesti\u00f3n digital de beneficios para docentes y estudiantes&#8221;.<\/p>\n<p>Por su parte, el secretario de Modernizaci\u00f3n, Ciencia, Tecnolog\u00eda e Innovaci\u00f3n, Emanuel Gainza, se\u00f1al\u00f3 que &#8220;a partir de hoy, el tr\u00e1mite de la VTV pasa a ser 100% digital y ya est\u00e1 disponible en la plataforma Mi Entre R\u00edos. Cualquier ciudadano puede ingresar desde su celular o computadora y completarlo de manera \u00edntegramente online. Hasta ahora, este proceso requer\u00eda realizarse de forma presencial, incluso en puestos camineros. Este avance forma parte de una decisi\u00f3n firme del gobernador de modernizar el Estado, reducir la burocracia y cuidar el tiempo de los ciudadanos. Y no ser\u00e1 el \u00faltimo paso: estamos trabajando para que cada vez m\u00e1s tr\u00e1mites puedan resolverse de manera digital&#8221;.<\/p>\n<p>En tanto, el secretario de Transporte, An\u00edbal Steren, indic\u00f3 que &#8220;desde la Secretar\u00eda de Transporte venimos trabajando de manera articulada con el \u00e1rea de Modernizaci\u00f3n y el Ministerio de Econom\u00eda para avanzar en la digitalizaci\u00f3n de tr\u00e1mites. Ya dimos pasos importantes con la SUBE y ahora con la VTV, que se suma a este proceso. Seguimos controlando que las empresas de transporte cumplan con la revisi\u00f3n t\u00e9cnica obligatoria, y al mismo tiempo buscamos simplificar gestiones para hacerle la vida m\u00e1s f\u00e1cil a los entrerrianos en su v\u00ednculo con el Estado provincial&#8221;.<\/p>\n<p>Cabe recordar que, mediante el Decreto N\u00b0 4331\/98, la Revisi\u00f3n T\u00e9cnica Obligatoria se encuentra suspendida en la provincia. No obstante, la constancia resulta necesaria para circular por rutas nacionales o en otras jurisdicciones donde este requisito es exigido. El certificado tiene una vigencia de 120 d\u00edas desde su emisi\u00f3n y se otorga de manera gratuita.<\/p>\n<p>C\u00f3mo realizar el tr\u00e1mite<\/p>\n<p>Para obtener la constancia, los interesados deben ingresar a la plataforma Mi Entre R\u00edos o utilizar la aplicaci\u00f3n m\u00f3vil. All\u00ed deber\u00e1n seleccionar la opci\u00f3n &#8220;Nuevo tr\u00e1mite&#8221;, buscar &#8220;Constancia de excepci\u00f3n de Revisi\u00f3n T\u00e9cnica Vehicular (VTV)&#8221; y completar el formulario con los datos requeridos. Adem\u00e1s, ser\u00e1 necesario adjuntar im\u00e1genes del DNI del titular y de la Tarjeta Verde del veh\u00edculo.<\/p>\n<p>Una vez aprobado, el documento ser\u00e1 enviado en formato PDF, listo para ser descargado, impreso y presentado ante los controles correspondientes.<\/p>\n","protected":false},"excerpt":{"rendered":"<p>El Gobierno de Entre R\u00edos habilit\u00f3 el tr\u00e1mite online para gestionar la constancia que acredita que la Verificaci\u00f3n T\u00e9cnica Vehicular (VTV) no es obligatoria para circular dentro de la provincia. La iniciativa se enmarca en el proceso de modernizaci\u00f3n del Estado y es el resultado de un trabajo conjunto entre el Ministerio de Econom\u00eda y las secretar\u00edas de Transporte y de Modernizaci\u00f3n &nbsp; &nbsp; La medida est\u00e1 destinada a veh\u00edculos particulares radicados en Entre R\u00edos, cuyos titulares tengan domicilio en la provincia. La nueva modalidad digital permite simplificar el proceso,&#8230;<\/p>\n","protected":false},"author":3,"featured_media":136760,"comment_status":"closed","ping_status":"closed","sticky":false,"template":"","format":"standard","meta":[],"categories":[15],"tags":[],"_links":{"self":[{"href":"https:\/\/www.actualidadadiario.com\/index.php\/wp-json\/wp\/v2\/posts\/136759"}],"collection":[{"href":"https:\/\/www.actualidadadiario.com\/index.php\/wp-json\/wp\/v2\/posts"}],"about":[{"href":"https:\/\/www.actualidadadiario.com\/index.php\/wp-json\/wp\/v2\/types\/post"}],"author":[{"embeddable":true,"href":"https:\/\/www.actualidadadiario.com\/index.php\/wp-json\/wp\/v2\/users\/3"}],"replies":[{"embeddable":true,"href":"https:\/\/www.actualidadadiario.com\/index.php\/wp-json\/wp\/v2\/comments?post=136759"}],"version-history":[{"count":1,"href":"https:\/\/www.actualidadadiario.com\/index.php\/wp-json\/wp\/v2\/posts\/136759\/revisions"}],"predecessor-version":[{"id":136761,"href":"https:\/\/www.actualidadadiario.com\/index.php\/wp-json\/wp\/v2\/posts\/136759\/revisions\/136761"}],"wp:featuredmedia":[{"embeddable":true,"href":"https:\/\/www.actualidadadiario.com\/index.php\/wp-json\/wp\/v2\/media\/136760"}],"wp:attachment":[{"href":"https:\/\/www.actualidadadiario.com\/index.php\/wp-json\/wp\/v2\/media?parent=136759"}],"wp:term":[{"taxonomy":"category","embeddable":true,"href":"https:\/\/www.actualidadadiario.com\/index.php\/wp-json\/wp\/v2\/categories?post=136759"},{"taxonomy":"post_tag","embeddable":true,"href":"https:\/\/www.actualidadadiario.com\/index.php\/wp-json\/wp\/v2\/tags?post=136759"}],"curies":[{"name":"wp","href":"https:\/\/api.w.org\/{rel}","templated":true}]}}