{"id":136751,"date":"2026-04-28T10:12:03","date_gmt":"2026-04-28T13:12:03","guid":{"rendered":"https:\/\/www.actualidadadiario.com\/?p=136751"},"modified":"2026-04-28T10:12:03","modified_gmt":"2026-04-28T13:12:03","slug":"la-cgt-ratifico-una-movilizacion-masiva-el-30-de-abril-contra-el-ajuste-del-gobierno-de-milei","status":"publish","type":"post","link":"https:\/\/www.actualidadadiario.com\/index.php\/2026\/04\/28\/la-cgt-ratifico-una-movilizacion-masiva-el-30-de-abril-contra-el-ajuste-del-gobierno-de-milei\/","title":{"rendered":"La CGT ratific\u00f3 una movilizaci\u00f3n masiva el 30 de abril contra el ajuste del Gobierno de Milei"},"content":{"rendered":"<p style=\"text-align: center;\"><em><strong>Cristian Jer\u00f3nimo ratific\u00f3 la convocatoria por el D\u00eda del Trabajador en repudio a las pol\u00edticas del Gobierno que afectan la calidad de vida de los trabajadores. La central obrera cuestion\u00f3 con dureza la reforma laboral y los cambios aduaneros mientras analiza otras medidas de fuerza ante el desolador panorama social<\/strong><\/em><\/p>\n<p>&nbsp;<\/p>\n<p>&nbsp;<\/p>\n<p>El cosecretario general de la Confederaci\u00f3n General del Trabajo (CGT), Cristian Jer\u00f3nimo, ratific\u00f3 la movilizaci\u00f3n del pr\u00f3ximo jueves 30 de abril en rechazo a la gesti\u00f3n de Javier Milei. La marcha se realizar\u00e1 justo antes de la celebraci\u00f3n del D\u00eda del Trabajador y el representante gremial afirm\u00f3 que las medidas adoptadas por la entidad que dirige sirven como un &#8220;basti\u00f3n de resistencia&#8221; contra la administraci\u00f3n del Gobierno actual.<\/p>\n<p>Jer\u00f3nimo cuestion\u00f3 los proyectos de la gesti\u00f3n libertaria sobre el sistema aduanero y la reforma laboral tras tildar estas iniciativas como &#8220;maliciosas&#8221; y contrarias a la Constituci\u00f3n Nacional. El dirigente, tambi\u00e9n titular del Sindicato de Empleados de la Industria del Vidrio (SEIVARA), expres\u00f3 mucha preocupaci\u00f3n por la falta de sensibilidad de Milei y su equipo ante las graves consecuencias de sus pol\u00edticas econ\u00f3micas y sociales. En ese sentido, aclar\u00f3: &#8220;No nos sorprende el rumbo de este Gobierno&#8221;.<\/p>\n<p>Uno de los ejes del reclamo gira sobre el fallo judicial que habilit\u00f3 nuevamente la reforma laboral para todos los sectores productivos de la Argentina. El l\u00edder sindical calific\u00f3 la decisi\u00f3n como &#8220;aberrante&#8221; y adelant\u00f3 que el equipo jur\u00eddico de la CGT eval\u00faa la recusaci\u00f3n del juez interviniente. Aunque todav\u00eda no existe un paro general definido por la c\u00fapula sindical, la conflictividad promete aumentar durante las pr\u00f3ximas semanas en todo el pa\u00eds. &#8220;El clima social va a cambiar, la gente est\u00e1 muy enojada, no le alcanza para llegar a fin de mes&#8221;, asegur\u00f3 el gremialista.<\/p>\n<p>La central obrera planea difundir pr\u00f3ximamente un informe propio sobre pobreza para contrastar las cifras oficiales que publica el INDEC de forma mensual. Jer\u00f3nimo subray\u00f3 que existe una incertidumbre que crece en los rubros de producci\u00f3n que pone en riesgo miles de puestos de trabajo. La movilizaci\u00f3n incluir\u00e1 un sentido homenaje al Papa Francisco tras cumplirse un a\u00f1o de su fallecimiento el pasado 21 de abril. Los gremios reconocer\u00e1n su expresa defensa del mundo laboral, los trabajadores y el rol fundamental de las organizaciones sindicales en la b\u00fasqueda de justicia social.<\/p>\n<p>&nbsp;<\/p>\n<p><strong>Reforma laboral<\/strong><\/p>\n<p>La reforma laboral impulsada por el Ejecutivo Nacional volvi\u00f3 a entrar en vigencia este jueves tras una resoluci\u00f3n clave de la C\u00e1mara de Apelaciones. La Sala VIII revoc\u00f3 el fallo que manten\u00eda suspendida la norma y habilit\u00f3 pol\u00e9micos cambios en materia de indemnizaciones y licencias.<\/p>\n<p>La denominada Ley de Modernizaci\u00f3n Laboral obtuvo luz verde en la c\u00e1mara Alta a fines de febrero con el apoyo de 42 senadores. Sin embargo, el juez Ra\u00fal Horacio Ojeda hab\u00eda frenado la aplicaci\u00f3n de 82 art\u00edculos ante un planteo previo realizado por la c\u00fapula cegetista. Diversos abogados laboralistas consultados por C5N alertaron sobre las inconsistencias del proyecto libertario y el posible impacto negativo en los tribunales del trabajo. Los especialistas remarcaron un fuerte retroceso en los derechos hist\u00f3ricos conquistados por la clase trabajadora durante las \u00faltimas d\u00e9cadas de historia argentina.<\/p>\n","protected":false},"excerpt":{"rendered":"<p>Cristian Jer\u00f3nimo ratific\u00f3 la convocatoria por el D\u00eda del Trabajador en repudio a las pol\u00edticas del Gobierno que afectan la calidad de vida de los trabajadores. La central obrera cuestion\u00f3 con dureza la reforma laboral y los cambios aduaneros mientras analiza otras medidas de fuerza ante el desolador panorama social &nbsp; &nbsp; El cosecretario general de la Confederaci\u00f3n General del Trabajo (CGT), Cristian Jer\u00f3nimo, ratific\u00f3 la movilizaci\u00f3n del pr\u00f3ximo jueves 30 de abril en rechazo a la gesti\u00f3n de Javier Milei. La marcha se realizar\u00e1 justo antes de la celebraci\u00f3n&#8230;<\/p>\n","protected":false},"author":3,"featured_media":42991,"comment_status":"closed","ping_status":"closed","sticky":false,"template":"","format":"standard","meta":[],"categories":[18],"tags":[],"_links":{"self":[{"href":"https:\/\/www.actualidadadiario.com\/index.php\/wp-json\/wp\/v2\/posts\/136751"}],"collection":[{"href":"https:\/\/www.actualidadadiario.com\/index.php\/wp-json\/wp\/v2\/posts"}],"about":[{"href":"https:\/\/www.actualidadadiario.com\/index.php\/wp-json\/wp\/v2\/types\/post"}],"author":[{"embeddable":true,"href":"https:\/\/www.actualidadadiario.com\/index.php\/wp-json\/wp\/v2\/users\/3"}],"replies":[{"embeddable":true,"href":"https:\/\/www.actualidadadiario.com\/index.php\/wp-json\/wp\/v2\/comments?post=136751"}],"version-history":[{"count":1,"href":"https:\/\/www.actualidadadiario.com\/index.php\/wp-json\/wp\/v2\/posts\/136751\/revisions"}],"predecessor-version":[{"id":136752,"href":"https:\/\/www.actualidadadiario.com\/index.php\/wp-json\/wp\/v2\/posts\/136751\/revisions\/136752"}],"wp:featuredmedia":[{"embeddable":true,"href":"https:\/\/www.actualidadadiario.com\/index.php\/wp-json\/wp\/v2\/media\/42991"}],"wp:attachment":[{"href":"https:\/\/www.actualidadadiario.com\/index.php\/wp-json\/wp\/v2\/media?parent=136751"}],"wp:term":[{"taxonomy":"category","embeddable":true,"href":"https:\/\/www.actualidadadiario.com\/index.php\/wp-json\/wp\/v2\/categories?post=136751"},{"taxonomy":"post_tag","embeddable":true,"href":"https:\/\/www.actualidadadiario.com\/index.php\/wp-json\/wp\/v2\/tags?post=136751"}],"curies":[{"name":"wp","href":"https:\/\/api.w.org\/{rel}","templated":true}]}}