{"id":136748,"date":"2026-04-28T10:09:05","date_gmt":"2026-04-28T13:09:05","guid":{"rendered":"https:\/\/www.actualidadadiario.com\/?p=136748"},"modified":"2026-04-28T10:09:05","modified_gmt":"2026-04-28T13:09:05","slug":"la-confianza-en-el-gobierno-de-milei-se-hundio-en-abril-y-marco-su-peor-nivel-en-meses","status":"publish","type":"post","link":"https:\/\/www.actualidadadiario.com\/index.php\/2026\/04\/28\/la-confianza-en-el-gobierno-de-milei-se-hundio-en-abril-y-marco-su-peor-nivel-en-meses\/","title":{"rendered":"La confianza en el gobierno de Milei se hundi\u00f3 en abril y marc\u00f3 su peor nivel en meses"},"content":{"rendered":"<p style=\"text-align: center;\"><em><strong>La confianza en el gobierno de Milei se desplom\u00f3 en abril y qued\u00f3 en su nivel m\u00e1s bajo en meses. La ca\u00edda encendi\u00f3 nuevas alarmas en la Rosada<\/strong><\/em><\/p>\n<p>&nbsp;<\/p>\n<p>&nbsp;<\/p>\n<p>La confianza en el gobierno de Javier Milei volvi\u00f3 a mostrar una fuerte se\u00f1al de deterioro en abril. El \u00cdndice de Confianza en el Gobierno (ICG) elaborado por la Universidad Torcuato Di Tella registr\u00f3 una ca\u00edda del 12,1 por ciento respecto de marzo y acumul\u00f3 as\u00ed su cuarto descenso mensual consecutivo.<\/p>\n<p>Con este retroceso, la gesti\u00f3n nacional alcanz\u00f3 su nivel m\u00e1s bajo desde septiembre del a\u00f1o pasado y dej\u00f3 atr\u00e1s la recuperaci\u00f3n que hab\u00eda exhibido tras las elecciones legislativas de medio t\u00e9rmino. El indicador qued\u00f3 en 2,02 puntos sobre una escala de 0 a 5, equivalente a una aprobaci\u00f3n del 40,4 por ciento.<\/p>\n<p>&nbsp;<\/p>\n<p><strong>Cuatro meses seguidos de retroceso<\/strong><\/p>\n<p>La baja de abril fue la m\u00e1s pronunciada en lo que va del a\u00f1o. En enero, el \u00edndice hab\u00eda ca\u00eddo 2,8 por ciento; en febrero, 0,6 por ciento; y en marzo, 3,5 por ciento. Sin embargo, el desplome del \u00faltimo mes profundiz\u00f3 una tendencia que ya ven\u00eda generando preocupaci\u00f3n dentro del oficialismo.<\/p>\n<p>En t\u00e9rminos interanuales, el \u00edndice mostr\u00f3 una contracci\u00f3n del 13,2 por ciento frente al mismo mes de 2025. Adem\u00e1s, desde diciembre del a\u00f1o pasado, la ca\u00edda acumulada ya alcanza el 17,9 por ciento.<\/p>\n<p>&nbsp;<\/p>\n<p><strong>Qu\u00e9 fue lo que m\u00e1s cay\u00f3<\/strong><\/p>\n<p>El informe de la casa de estudios privada se\u00f1al\u00f3 que los cinco componentes del \u00edndice presentaron variaciones negativas durante abril. Entre los aspectos peor evaluados aparecieron:<\/p>\n<ul>\n<li>La honestidad de los funcionarios<\/li>\n<li>La capacidad para resolver problemas del pa\u00eds<\/li>\n<li>La eficiencia en la administraci\u00f3n del gasto p\u00fablico<\/li>\n<li>La evaluaci\u00f3n general del Gobierno<\/li>\n<li>La preocupaci\u00f3n por el inter\u00e9s p\u00fablico<\/li>\n<\/ul>\n<p>Entre todos esos factores, el rubro vinculado con la eficiencia de gesti\u00f3n fue uno de los m\u00e1s cuestionados por los encuestados.<\/p>\n<p>&nbsp;<\/p>\n<p><strong>C\u00f3mo queda Milei frente a otros gobiernos<\/strong><\/p>\n<p>Pese al deterioro, el nivel de confianza actual todav\u00eda se mantiene por encima del que hab\u00eda mostrado la gesti\u00f3n de Alberto Fern\u00e1ndez en abril de 2022, cuando el \u00edndice se ubicaba en 1,44 puntos.<\/p>\n<p>Sin embargo, qued\u00f3 levemente por debajo del registro que hab\u00eda alcanzado Mauricio Macri en abril de 2018, cuando el ICG hab\u00eda llegado a 2,07 puntos.<\/p>\n<p>&nbsp;<\/p>\n<p><strong>Un dato que enciende alertas en la Casa Rosada<\/strong><\/p>\n<p>La nueva ca\u00edda representa una se\u00f1al pol\u00edtica delicada para la administraci\u00f3n libertaria, especialmente en un contexto donde el Gobierno intenta sostener respaldo social mientras avanza con su programa econ\u00f3mico.<\/p>\n<p>El dato de abril dej\u00f3 en evidencia que parte del capital pol\u00edtico que hab\u00eda consolidado el Presidente en los \u00faltimos meses comenz\u00f3 a mostrar un desgaste m\u00e1s acelerado, en medio de un escenario econ\u00f3mico que todav\u00eda golpea de lleno al bolsillo de los argentinos.<\/p>\n","protected":false},"excerpt":{"rendered":"<p>La confianza en el gobierno de Milei se desplom\u00f3 en abril y qued\u00f3 en su nivel m\u00e1s bajo en meses. La ca\u00edda encendi\u00f3 nuevas alarmas en la Rosada &nbsp; &nbsp; La confianza en el gobierno de Javier Milei volvi\u00f3 a mostrar una fuerte se\u00f1al de deterioro en abril. El \u00cdndice de Confianza en el Gobierno (ICG) elaborado por la Universidad Torcuato Di Tella registr\u00f3 una ca\u00edda del 12,1 por ciento respecto de marzo y acumul\u00f3 as\u00ed su cuarto descenso mensual consecutivo. Con este retroceso, la gesti\u00f3n nacional alcanz\u00f3 su nivel&#8230;<\/p>\n","protected":false},"author":3,"featured_media":136749,"comment_status":"closed","ping_status":"closed","sticky":false,"template":"","format":"standard","meta":[],"categories":[9],"tags":[],"_links":{"self":[{"href":"https:\/\/www.actualidadadiario.com\/index.php\/wp-json\/wp\/v2\/posts\/136748"}],"collection":[{"href":"https:\/\/www.actualidadadiario.com\/index.php\/wp-json\/wp\/v2\/posts"}],"about":[{"href":"https:\/\/www.actualidadadiario.com\/index.php\/wp-json\/wp\/v2\/types\/post"}],"author":[{"embeddable":true,"href":"https:\/\/www.actualidadadiario.com\/index.php\/wp-json\/wp\/v2\/users\/3"}],"replies":[{"embeddable":true,"href":"https:\/\/www.actualidadadiario.com\/index.php\/wp-json\/wp\/v2\/comments?post=136748"}],"version-history":[{"count":1,"href":"https:\/\/www.actualidadadiario.com\/index.php\/wp-json\/wp\/v2\/posts\/136748\/revisions"}],"predecessor-version":[{"id":136750,"href":"https:\/\/www.actualidadadiario.com\/index.php\/wp-json\/wp\/v2\/posts\/136748\/revisions\/136750"}],"wp:featuredmedia":[{"embeddable":true,"href":"https:\/\/www.actualidadadiario.com\/index.php\/wp-json\/wp\/v2\/media\/136749"}],"wp:attachment":[{"href":"https:\/\/www.actualidadadiario.com\/index.php\/wp-json\/wp\/v2\/media?parent=136748"}],"wp:term":[{"taxonomy":"category","embeddable":true,"href":"https:\/\/www.actualidadadiario.com\/index.php\/wp-json\/wp\/v2\/categories?post=136748"},{"taxonomy":"post_tag","embeddable":true,"href":"https:\/\/www.actualidadadiario.com\/index.php\/wp-json\/wp\/v2\/tags?post=136748"}],"curies":[{"name":"wp","href":"https:\/\/api.w.org\/{rel}","templated":true}]}}