{"id":136740,"date":"2026-04-28T09:56:28","date_gmt":"2026-04-28T12:56:28","guid":{"rendered":"https:\/\/www.actualidadadiario.com\/?p=136740"},"modified":"2026-04-28T09:57:29","modified_gmt":"2026-04-28T12:57:29","slug":"cerca-de-la-mitad-de-las-pymes-preve-reducir-personal-en-los-proximos-meses","status":"publish","type":"post","link":"https:\/\/www.actualidadadiario.com\/index.php\/2026\/04\/28\/cerca-de-la-mitad-de-las-pymes-preve-reducir-personal-en-los-proximos-meses\/","title":{"rendered":"Cerca de la mitad de las pymes prev\u00e9 reducir personal en los pr\u00f3ximos meses"},"content":{"rendered":"<p style=\"text-align: center;\"><em><strong>Las pymes que \u201cprobablemente\u201d reducir\u00e1n su plantilla (31%) con aquellas que ya lo tienen decidido (18,5%) alcanzan el 50%, de acuerdo al informe de la IAE. Aumenta el pesimismo respecto al futuro<\/strong><\/em><\/p>\n<p>&nbsp;<\/p>\n<p>&nbsp;<\/p>\n<p>Entre las peque\u00f1as y medianas empresas son cada vez m\u00e1s las que \u201cconsideran achicar su plantilla, en un contexto de menor optimismo y mayores dificultades para contratar talento\u201d. As\u00ed lo se\u00f1ala la \u00faltima encuesta de expectativas pyme liderada por el profesor Guillermo Fraile de la IAE Business School, con respuestas recogidas entre enero y febrero pasados.<\/p>\n<p>La reforma laboral, recientemente aprobada, no parecer\u00eda estar dando resultados ya que, en lo que se considera \u201cun cambio significativo\u2026casi la mitad de los empresarios eval\u00faa reducir su dotaci\u00f3n de personal en los pr\u00f3ximos seis meses\u201d.<\/p>\n<p>Al sumar quienes afirman que \u201cprobablemente\u201d lo har\u00e1n (31,1%) con aquellos que ya lo tienen decidido (18,5%), el dato alcanza cerca del 50%, el nivel m\u00e1s alto de la serie relevada en los \u00faltimos a\u00f1os.<\/p>\n<p>Cabe se\u00f1alar que las pymes generan el 50% del empleo asalariado registrado y explican el 35% de la masa salarial formal, seg\u00fan un estudio de UCEMA. Esta universidad calcula que en el universo pyme trabajan en total 11.358.000 personas, entre trabajadores formales, no registrados, independientes, aut\u00f3nomos y monotributistas.<\/p>\n<p>&nbsp;<\/p>\n<p><strong>Cambio<\/strong><\/p>\n<p>\u201cEl dato m\u00e1s relevante de esta medici\u00f3n es el cambio en la din\u00e1mica del empleo. Por primera vez vemos que una proporci\u00f3n significativa de pymes no solo dej\u00f3 de pensar en crecer, sino que empieza a evaluar reducir su dotaci\u00f3n, lo que refleja un escenario de mayor cautela y menor previsibilidad\u201d, se\u00f1al\u00f3 Fraile.<\/p>\n<p>Tambi\u00e9n creci\u00f3 la proporci\u00f3n de empresas que efectivamente redujeron personal en los \u00faltimos seis meses, alcanzando el 41,9% en la medici\u00f3n m\u00e1s reciente. A esto se suma una dificultad estructural: m\u00e1s del 70% de las pymes afirma tener problemas para conseguir el talento necesario para cubrir sus vacantes.<\/p>\n<p>Estos datos guardan relaci\u00f3n con otros como el \u00cdndice de Ventas Minoristas Pymes que elabora CAME. En marzo pasado, el sector minorista pyme registr\u00f3 un descenso del 0,6% interanual a valores constantes. La variaci\u00f3n mensual cay\u00f3 0,4% respecto a febrero. Con estas cifras, el indicador acumula una retracci\u00f3n del 3,6% en lo que va del a\u00f1o.<\/p>\n<p>Cinco de los siete rubros relevados se ubicaron en terreno negativo en la comparaci\u00f3n interanual. Las mermas se localizaron en Perfumer\u00eda (-9,8%), Bazar, decoraci\u00f3n, textiles de hogar y muebles (-8,3%) y Alimentos y bebidas (-0,9%). En sentido opuesto, el segmento de Ferreter\u00eda, materiales el\u00e9ctricos y de la construcci\u00f3n creci\u00f3 un 2%, a la par de Farmacia, que registr\u00f3 un alza del 1,1% interanual.<\/p>\n<p>&nbsp;<\/p>\n<p><strong>Menor optimismo<\/strong><\/p>\n<p>La proporci\u00f3n de empresarios que espera una mejora en la situaci\u00f3n del pa\u00eds en los pr\u00f3ximos seis meses se redujo de manera significativa en el \u00faltimo a\u00f1o, pasando de niveles cercanos al 70% a poco m\u00e1s del 30%. En paralelo, crece la percepci\u00f3n de que la situaci\u00f3n podr\u00eda empeorar \u201clo que impacta directamente en las decisiones de inversi\u00f3n, contrataci\u00f3n y planificaci\u00f3n de las empresas\u201d, seg\u00fan advierte el IAE.<\/p>\n<p>El deterioro en las expectativas no es exclusivo de las pymes. Este lunes se conoci\u00f3 que el \u00cdndice de Confianza en el Gobierno que elabora la Universidad Di Tella, correspondiente a abril, fue de 2,02 puntos, nivel que representa una disminuci\u00f3n de 12,1% respecto del mes anterior.<\/p>\n<p>El actual nivel de confianza es 2,1% menor que el de abril de 2018, durante el gobierno de Mauricio Macri, y 40,9% mayor que el de abril de 2022, durante la gesti\u00f3n de Alberto Fern\u00e1ndez.<\/p>\n<p>En tanto, la presi\u00f3n impositiva se consolida como la principal preocupaci\u00f3n de las pymes, desplazando a la inflaci\u00f3n como eje central, de acuerdo con la medici\u00f3n del IAE. As\u00ed, ante la consulta sobre qu\u00e9 tipo de reforma tendr\u00eda mayor impacto positivo en sus empresas, casi tres de cada cuatro empresarios se\u00f1alaron a la reforma fiscal por sobre la laboral.<\/p>\n<p>Los resultados del relevamiento muestran un panorama marcado por la \u201ccautela\u201d. El informe de la casa de estudios sostiene que \u201cLa combinaci\u00f3n de menor optimismo, dificultades para contratar y una creciente evaluaci\u00f3n de reducci\u00f3n de personal configura un escenario desafiante para las pymes en los pr\u00f3ximos meses\u201d.<\/p>\n","protected":false},"excerpt":{"rendered":"<p>Las pymes que \u201cprobablemente\u201d reducir\u00e1n su plantilla (31%) con aquellas que ya lo tienen decidido (18,5%) alcanzan el 50%, de acuerdo al informe de la IAE. Aumenta el pesimismo respecto al futuro &nbsp; &nbsp; Entre las peque\u00f1as y medianas empresas son cada vez m\u00e1s las que \u201cconsideran achicar su plantilla, en un contexto de menor optimismo y mayores dificultades para contratar talento\u201d. As\u00ed lo se\u00f1ala la \u00faltima encuesta de expectativas pyme liderada por el profesor Guillermo Fraile de la IAE Business School, con respuestas recogidas entre enero y febrero pasados&#8230;.<\/p>\n","protected":false},"author":3,"featured_media":44237,"comment_status":"closed","ping_status":"closed","sticky":false,"template":"","format":"standard","meta":[],"categories":[2],"tags":[],"_links":{"self":[{"href":"https:\/\/www.actualidadadiario.com\/index.php\/wp-json\/wp\/v2\/posts\/136740"}],"collection":[{"href":"https:\/\/www.actualidadadiario.com\/index.php\/wp-json\/wp\/v2\/posts"}],"about":[{"href":"https:\/\/www.actualidadadiario.com\/index.php\/wp-json\/wp\/v2\/types\/post"}],"author":[{"embeddable":true,"href":"https:\/\/www.actualidadadiario.com\/index.php\/wp-json\/wp\/v2\/users\/3"}],"replies":[{"embeddable":true,"href":"https:\/\/www.actualidadadiario.com\/index.php\/wp-json\/wp\/v2\/comments?post=136740"}],"version-history":[{"count":1,"href":"https:\/\/www.actualidadadiario.com\/index.php\/wp-json\/wp\/v2\/posts\/136740\/revisions"}],"predecessor-version":[{"id":136741,"href":"https:\/\/www.actualidadadiario.com\/index.php\/wp-json\/wp\/v2\/posts\/136740\/revisions\/136741"}],"wp:featuredmedia":[{"embeddable":true,"href":"https:\/\/www.actualidadadiario.com\/index.php\/wp-json\/wp\/v2\/media\/44237"}],"wp:attachment":[{"href":"https:\/\/www.actualidadadiario.com\/index.php\/wp-json\/wp\/v2\/media?parent=136740"}],"wp:term":[{"taxonomy":"category","embeddable":true,"href":"https:\/\/www.actualidadadiario.com\/index.php\/wp-json\/wp\/v2\/categories?post=136740"},{"taxonomy":"post_tag","embeddable":true,"href":"https:\/\/www.actualidadadiario.com\/index.php\/wp-json\/wp\/v2\/tags?post=136740"}],"curies":[{"name":"wp","href":"https:\/\/api.w.org\/{rel}","templated":true}]}}