{"id":136738,"date":"2026-04-28T09:53:37","date_gmt":"2026-04-28T12:53:37","guid":{"rendered":"https:\/\/www.actualidadadiario.com\/?p=136738"},"modified":"2026-04-28T09:53:37","modified_gmt":"2026-04-28T12:53:37","slug":"semana-de-vacunacion-de-las-americas-argentina-fortalece-las-estrategias-de-inmunizacion","status":"publish","type":"post","link":"https:\/\/www.actualidadadiario.com\/index.php\/2026\/04\/28\/semana-de-vacunacion-de-las-americas-argentina-fortalece-las-estrategias-de-inmunizacion\/","title":{"rendered":"Semana de Vacunaci\u00f3n de las Am\u00e9ricas: Argentina fortalece las estrategias de inmunizaci\u00f3n"},"content":{"rendered":"<p style=\"text-align: center;\"><em><strong>El objetivo es poner en valor a la vacunaci\u00f3n como herramienta clave para recuperar coberturas y prevenir brotes<\/strong><\/em><\/p>\n<p>&nbsp;<\/p>\n<p>&nbsp;<\/p>\n<p>El Ministerio de Salud de la Naci\u00f3n se suma a la 24.\u00b0 Semana de Vacunaci\u00f3n de las Am\u00e9ricas, una iniciativa que ser\u00e1 hasta el pr\u00f3ximo s\u00e1bado 2 de mayo, impulsada por la Organizaci\u00f3n Panamericana de la Salud (OPS) en toda la regi\u00f3n y que tiene como objetivo poner en valor a la vacunaci\u00f3n como herramienta clave para recuperar coberturas, prevenir brotes y avanzar en las metas de eliminaci\u00f3n de enfermedades transmisibles.<\/p>\n<p>Seg\u00fan un informe, este mi\u00e9rcoles 29 de abril, la cartera sanitaria nacional realizar\u00e1 un encuentro dirigido a equipos del primer nivel de atenci\u00f3n sobre estrategias de prevenci\u00f3n del Virus Sincicial Respiratorio (VSR) durante el embarazo y los primeros meses de vida.<\/p>\n<p>En tanto, se indic\u00f3 que se trabajar\u00e1 en los lineamientos para la administraci\u00f3n de Niservimab en ni\u00f1os prematuros extremos y con cardiopat\u00edas cong\u00e9nitas. Este anticuerpo fue incorporado para reemplazar el palivizumab a fin de simplificar el esquema de administraci\u00f3n (solo requiere una \u00fanica dosis) y optimizar la oportunidad de inmunizaci\u00f3n.<\/p>\n<p>Asimismo, el jueves 30 de abril se llevar\u00e1 adelante el 15\u00b0 Ateneo Nacional de Enfermer\u00eda, en el que se abordar\u00e1 el rol estrat\u00e9gico de la enfermer\u00eda dentro la Campa\u00f1a Nacional de Vacunaci\u00f3n Antigripal 2026 y las estrategias de cuidado orientadas a poblaciones priorizadas. Equipos de Tucum\u00e1n, Santa Fe y San Juan compartir\u00e1n experiencias y enfoques de trabajo promoviendo el intercambio como instancia de formaci\u00f3n y revisi\u00f3n de las propias pr\u00e1cticas.<\/p>\n<p>En paralelo, junto con la OPS y el Programa de Inmunizaciones de Salta, se desarrollar\u00e1 un taller de microplanificaci\u00f3n y fortalecimiento del registro nominal de vacunaci\u00f3n. Esta iniciativa busca mejorar las coberturas de vacunaci\u00f3n mediante la identificaci\u00f3n de la poblaci\u00f3n susceptible, el fortalecimiento del uso del Registro Nominal de Vacunaci\u00f3n Electr\u00f3nico (RNVe) en tiempo real, y la reorientaci\u00f3n de estrategias a partir de un conocimiento detallado del territorio y una adecuada planificaci\u00f3n de recursos.<\/p>\n<p>&nbsp;<\/p>\n<p><strong>Se completar\u00e1 la distribuci\u00f3n de m\u00e1s de un mill\u00f3n de dosis<\/strong><\/p>\n<p>La agenda tambi\u00e9n contempla reuniones de seguimiento con las jurisdicciones para evaluar los avances en la conformaci\u00f3n de equipos de vigilancia de seguridad en vacunas y en la implementaci\u00f3n de procedimientos operativos estandarizados para la vigilancia de Eventos Supuestamente Atribuibles a la Vacunaci\u00f3n e Inmunizaci\u00f3n (ESAVI). Ambos componentes son considerados estrat\u00e9gicos para fortalecer la seguridad y la confianza en las estrategias de inmunizaci\u00f3n.<\/p>\n<p>Finalmente, seg\u00fan el nuevo cronograma de entregas acordado con la OPS, la cartera sanitaria nacional completar\u00e1 la distribuci\u00f3n de alrededor de 1.200.000 dosis a las jurisdicciones para completar los suministros previstos para el segundo trimestre del a\u00f1o y mitigar el impacto de las demoras que afectan el transporte internacional. El trabajo coordinado entre el Ministerio de Salud de la Naci\u00f3n y la OPS permiti\u00f3 sostener la disponibilidad de dosis y fortalecer la previsibilidad de los suministros para las jurisdicciones.<\/p>\n<p>Las acciones que se llevar\u00e1n adelante forman parte de una estrategia sostenida que apunta a mejorar las coberturas en todo el pa\u00eds, promoviendo equipos mejor preparados, sistemas de vigilancia m\u00e1s robustos y herramientas de gesti\u00f3n m\u00e1s eficientes.<\/p>\n","protected":false},"excerpt":{"rendered":"<p>El objetivo es poner en valor a la vacunaci\u00f3n como herramienta clave para recuperar coberturas y prevenir brotes &nbsp; &nbsp; El Ministerio de Salud de la Naci\u00f3n se suma a la 24.\u00b0 Semana de Vacunaci\u00f3n de las Am\u00e9ricas, una iniciativa que ser\u00e1 hasta el pr\u00f3ximo s\u00e1bado 2 de mayo, impulsada por la Organizaci\u00f3n Panamericana de la Salud (OPS) en toda la regi\u00f3n y que tiene como objetivo poner en valor a la vacunaci\u00f3n como herramienta clave para recuperar coberturas, prevenir brotes y avanzar en las metas de eliminaci\u00f3n de enfermedades&#8230;<\/p>\n","protected":false},"author":3,"featured_media":125474,"comment_status":"closed","ping_status":"closed","sticky":false,"template":"","format":"standard","meta":[],"categories":[2],"tags":[],"_links":{"self":[{"href":"https:\/\/www.actualidadadiario.com\/index.php\/wp-json\/wp\/v2\/posts\/136738"}],"collection":[{"href":"https:\/\/www.actualidadadiario.com\/index.php\/wp-json\/wp\/v2\/posts"}],"about":[{"href":"https:\/\/www.actualidadadiario.com\/index.php\/wp-json\/wp\/v2\/types\/post"}],"author":[{"embeddable":true,"href":"https:\/\/www.actualidadadiario.com\/index.php\/wp-json\/wp\/v2\/users\/3"}],"replies":[{"embeddable":true,"href":"https:\/\/www.actualidadadiario.com\/index.php\/wp-json\/wp\/v2\/comments?post=136738"}],"version-history":[{"count":1,"href":"https:\/\/www.actualidadadiario.com\/index.php\/wp-json\/wp\/v2\/posts\/136738\/revisions"}],"predecessor-version":[{"id":136739,"href":"https:\/\/www.actualidadadiario.com\/index.php\/wp-json\/wp\/v2\/posts\/136738\/revisions\/136739"}],"wp:featuredmedia":[{"embeddable":true,"href":"https:\/\/www.actualidadadiario.com\/index.php\/wp-json\/wp\/v2\/media\/125474"}],"wp:attachment":[{"href":"https:\/\/www.actualidadadiario.com\/index.php\/wp-json\/wp\/v2\/media?parent=136738"}],"wp:term":[{"taxonomy":"category","embeddable":true,"href":"https:\/\/www.actualidadadiario.com\/index.php\/wp-json\/wp\/v2\/categories?post=136738"},{"taxonomy":"post_tag","embeddable":true,"href":"https:\/\/www.actualidadadiario.com\/index.php\/wp-json\/wp\/v2\/tags?post=136738"}],"curies":[{"name":"wp","href":"https:\/\/api.w.org\/{rel}","templated":true}]}}