{"id":136733,"date":"2026-04-28T09:52:16","date_gmt":"2026-04-28T12:52:16","guid":{"rendered":"https:\/\/www.actualidadadiario.com\/?p=136733"},"modified":"2026-04-28T09:52:16","modified_gmt":"2026-04-28T12:52:16","slug":"electrolux-dejara-de-fabricar-heladeras-en-rosario-y-echara-a-100-empleados-a-partir-de-mayo","status":"publish","type":"post","link":"https:\/\/www.actualidadadiario.com\/index.php\/2026\/04\/28\/electrolux-dejara-de-fabricar-heladeras-en-rosario-y-echara-a-100-empleados-a-partir-de-mayo\/","title":{"rendered":"Electrolux dejar\u00e1 de fabricar heladeras en Rosario y echar\u00e1 a 100 empleados a partir de mayo"},"content":{"rendered":"<p style=\"text-align: center;\"><em><strong>La empresa inform\u00f3 que el recorte forma parte de una reconfiguraci\u00f3n m\u00e1s amplia de la actividad industrial del establecimiento. En enero pasado, la empresa ya hab\u00eda cesado la fabricaci\u00f3n de cocinas, lo que marc\u00f3 el inicio de un proceso de retracci\u00f3n en su capacidad productiva<\/strong><\/em><\/p>\n<p>&nbsp;<\/p>\n<p>&nbsp;<\/p>\n<p>Frimetal, la firma que produce para la multinacional sueca Electrolux, dejar\u00e1 de fabricar heladeras en su planta ubicada en la zona sur de Rosario a partir de mayo y echar\u00e1 alrededor de 100 trabajadores que se desempe\u00f1aban en esa l\u00ednea.<\/p>\n<p>La empresa inform\u00f3 que el recorte forma parte de una reconfiguraci\u00f3n m\u00e1s amplia de la actividad industrial del establecimiento. En enero pasado, la empresa ya hab\u00eda cesado la fabricaci\u00f3n de cocinas, lo que marc\u00f3 el inicio de un proceso de retracci\u00f3n en su capacidad productiva.<\/p>\n<p>De acuerdo con fuentes t\u00e9cnicas y gremiales, la reducci\u00f3n se implement\u00f3 en etapas a lo largo del primer cuatrimestre. Tras el cierre de la l\u00ednea de cocinas, en marzo se habilit\u00f3 un esquema de retiros voluntarios al que adhirieron alrededor de 130 empleados.<\/p>\n<p>La fase que se pondr\u00e1 en marcha en mayo implicar\u00e1 la paralizaci\u00f3n total del ensamblaje de heladeras, lo que reducir\u00e1 a\u00fan m\u00e1s el nivel de actividad en la planta. A partir de entonces, el complejo industrial quedar\u00e1 enfocado exclusivamente en la producci\u00f3n de lavarropas y freezers.<\/p>\n<p>Desde la compa\u00f1\u00eda se\u00f1alaron que la continuidad operativa se sostendr\u00e1 en esas dos unidades de negocio, aunque con una merma significativa tanto en el volumen de fabricaci\u00f3n como en la cantidad de horas laborales.<\/p>\n","protected":false},"excerpt":{"rendered":"<p>La empresa inform\u00f3 que el recorte forma parte de una reconfiguraci\u00f3n m\u00e1s amplia de la actividad industrial del establecimiento. En enero pasado, la empresa ya hab\u00eda cesado la fabricaci\u00f3n de cocinas, lo que marc\u00f3 el inicio de un proceso de retracci\u00f3n en su capacidad productiva &nbsp; &nbsp; Frimetal, la firma que produce para la multinacional sueca Electrolux, dejar\u00e1 de fabricar heladeras en su planta ubicada en la zona sur de Rosario a partir de mayo y echar\u00e1 alrededor de 100 trabajadores que se desempe\u00f1aban en esa l\u00ednea. La empresa inform\u00f3&#8230;<\/p>\n","protected":false},"author":3,"featured_media":136734,"comment_status":"closed","ping_status":"closed","sticky":false,"template":"","format":"standard","meta":[],"categories":[2],"tags":[],"_links":{"self":[{"href":"https:\/\/www.actualidadadiario.com\/index.php\/wp-json\/wp\/v2\/posts\/136733"}],"collection":[{"href":"https:\/\/www.actualidadadiario.com\/index.php\/wp-json\/wp\/v2\/posts"}],"about":[{"href":"https:\/\/www.actualidadadiario.com\/index.php\/wp-json\/wp\/v2\/types\/post"}],"author":[{"embeddable":true,"href":"https:\/\/www.actualidadadiario.com\/index.php\/wp-json\/wp\/v2\/users\/3"}],"replies":[{"embeddable":true,"href":"https:\/\/www.actualidadadiario.com\/index.php\/wp-json\/wp\/v2\/comments?post=136733"}],"version-history":[{"count":1,"href":"https:\/\/www.actualidadadiario.com\/index.php\/wp-json\/wp\/v2\/posts\/136733\/revisions"}],"predecessor-version":[{"id":136735,"href":"https:\/\/www.actualidadadiario.com\/index.php\/wp-json\/wp\/v2\/posts\/136733\/revisions\/136735"}],"wp:featuredmedia":[{"embeddable":true,"href":"https:\/\/www.actualidadadiario.com\/index.php\/wp-json\/wp\/v2\/media\/136734"}],"wp:attachment":[{"href":"https:\/\/www.actualidadadiario.com\/index.php\/wp-json\/wp\/v2\/media?parent=136733"}],"wp:term":[{"taxonomy":"category","embeddable":true,"href":"https:\/\/www.actualidadadiario.com\/index.php\/wp-json\/wp\/v2\/categories?post=136733"},{"taxonomy":"post_tag","embeddable":true,"href":"https:\/\/www.actualidadadiario.com\/index.php\/wp-json\/wp\/v2\/tags?post=136733"}],"curies":[{"name":"wp","href":"https:\/\/api.w.org\/{rel}","templated":true}]}}