{"id":136731,"date":"2026-04-28T09:50:50","date_gmt":"2026-04-28T12:50:50","guid":{"rendered":"https:\/\/www.actualidadadiario.com\/?p=136731"},"modified":"2026-04-28T09:50:50","modified_gmt":"2026-04-28T12:50:50","slug":"fuerte-crisis-del-turismo-casi-no-hay-reservas-para-el-fin-de-semana-largo","status":"publish","type":"post","link":"https:\/\/www.actualidadadiario.com\/index.php\/2026\/04\/28\/fuerte-crisis-del-turismo-casi-no-hay-reservas-para-el-fin-de-semana-largo\/","title":{"rendered":"Fuerte crisis del turismo: casi no hay reservas para el fin de semana largo"},"content":{"rendered":"<p style=\"text-align: center;\"><em><strong>Se viene un fin de semana largo y pr\u00e1cticamente no hay reservas en los diferentes centros tur\u00edsticos<\/strong><\/em><\/p>\n<p>&nbsp;<\/p>\n<p>&nbsp;<\/p>\n<p>El pr\u00f3ximo viernes primero de mayo se celebra el D\u00eda del Trabajador y comienza un nuevo fin de semana largo en el pa\u00eds, con una noticia dura para las econom\u00edas regionales: casi no hay reservas en los diferentes centros tur\u00edsticos.<\/p>\n<p>Seg\u00fan un relevamiento realizado, por ahora el nivel de reservas es pr\u00e1cticamente nulo en la costa atl\u00e1ntica bonaerense, en las zonas serranas y en el norte del pa\u00eds.<\/p>\n<p>&nbsp;<\/p>\n<p><strong>Mar del Plata, con menos gente que un fin de semana normal<\/strong><\/p>\n<p>La ciudad de Mar del Plata tiene todos los hoteles \u2014los que siguen abiertos, porque muchos cierran\u2014 con lugar para albergar turistas durante el fin de semana largo que comienza el viernes pr\u00f3ximo.<\/p>\n<p>\u201cEstos fines de semana hist\u00f3ricamente serv\u00edan no solo para el presente, sino que muchos turistas los aprovechaban para planificar las vacaciones de invierno, algo que ya no existe m\u00e1s. Con estos n\u00fameros y el nivel de gastos que viene teniendo la gente, todo indica que ser\u00eda una de las peores temporadas de la historia\u201d, le dijo a la Agencia NA un operador tur\u00edstico de la ciudad de Mar del Plata.<\/p>\n<p>Lo mismo que pasa en Mar del Plata sucede en Villa Gesell, Pinamar y el Partido de La Costa. Muchos esperan que la gente, a \u00faltimo momento y teniendo en cuenta el clima y otras cuestiones, pueda definir viajar hacia alguno de esos centros tur\u00edsticos.<\/p>\n<p>En el norte, solo las Cataratas del Iguaz\u00fa tienen un alto nivel de reservas, llegando casi al 70 por ciento, aunque todav\u00eda hay lugar para quienes quieran ir.<\/p>\n<p>&nbsp;<\/p>\n<p><strong>La excepci\u00f3n a la regla<\/strong><\/p>\n<p>Los centros tur\u00edsticos de esqu\u00ed son la excepci\u00f3n a la regla para este fin de semana largo, ya que tienen un alto nivel de reservas; muchos de ellos vienen con arrastre de la semana.<\/p>\n<p>La ciudad de Bariloche tiene un alto nivel de reservas y estar\u00eda cerca de colmar su capacidad. En San Mart\u00edn de los Andes, en cambio, el movimiento por ahora es tranquilo.<\/p>\n","protected":false},"excerpt":{"rendered":"<p>Se viene un fin de semana largo y pr\u00e1cticamente no hay reservas en los diferentes centros tur\u00edsticos &nbsp; &nbsp; El pr\u00f3ximo viernes primero de mayo se celebra el D\u00eda del Trabajador y comienza un nuevo fin de semana largo en el pa\u00eds, con una noticia dura para las econom\u00edas regionales: casi no hay reservas en los diferentes centros tur\u00edsticos. Seg\u00fan un relevamiento realizado, por ahora el nivel de reservas es pr\u00e1cticamente nulo en la costa atl\u00e1ntica bonaerense, en las zonas serranas y en el norte del pa\u00eds. &nbsp; Mar del&#8230;<\/p>\n","protected":false},"author":3,"featured_media":131256,"comment_status":"closed","ping_status":"closed","sticky":false,"template":"","format":"standard","meta":[],"categories":[2],"tags":[],"_links":{"self":[{"href":"https:\/\/www.actualidadadiario.com\/index.php\/wp-json\/wp\/v2\/posts\/136731"}],"collection":[{"href":"https:\/\/www.actualidadadiario.com\/index.php\/wp-json\/wp\/v2\/posts"}],"about":[{"href":"https:\/\/www.actualidadadiario.com\/index.php\/wp-json\/wp\/v2\/types\/post"}],"author":[{"embeddable":true,"href":"https:\/\/www.actualidadadiario.com\/index.php\/wp-json\/wp\/v2\/users\/3"}],"replies":[{"embeddable":true,"href":"https:\/\/www.actualidadadiario.com\/index.php\/wp-json\/wp\/v2\/comments?post=136731"}],"version-history":[{"count":1,"href":"https:\/\/www.actualidadadiario.com\/index.php\/wp-json\/wp\/v2\/posts\/136731\/revisions"}],"predecessor-version":[{"id":136732,"href":"https:\/\/www.actualidadadiario.com\/index.php\/wp-json\/wp\/v2\/posts\/136731\/revisions\/136732"}],"wp:featuredmedia":[{"embeddable":true,"href":"https:\/\/www.actualidadadiario.com\/index.php\/wp-json\/wp\/v2\/media\/131256"}],"wp:attachment":[{"href":"https:\/\/www.actualidadadiario.com\/index.php\/wp-json\/wp\/v2\/media?parent=136731"}],"wp:term":[{"taxonomy":"category","embeddable":true,"href":"https:\/\/www.actualidadadiario.com\/index.php\/wp-json\/wp\/v2\/categories?post=136731"},{"taxonomy":"post_tag","embeddable":true,"href":"https:\/\/www.actualidadadiario.com\/index.php\/wp-json\/wp\/v2\/tags?post=136731"}],"curies":[{"name":"wp","href":"https:\/\/api.w.org\/{rel}","templated":true}]}}