{"id":136724,"date":"2026-04-28T09:13:20","date_gmt":"2026-04-28T12:13:20","guid":{"rendered":"https:\/\/www.actualidadadiario.com\/?p=136724"},"modified":"2026-04-28T09:13:20","modified_gmt":"2026-04-28T12:13:20","slug":"bravo-se-suma-al-debate-nacional-del-pj-tenemos-el-deber-de-construir-una-alternativa","status":"publish","type":"post","link":"https:\/\/www.actualidadadiario.com\/index.php\/2026\/04\/28\/bravo-se-suma-al-debate-nacional-del-pj-tenemos-el-deber-de-construir-una-alternativa\/","title":{"rendered":"Bravo se suma al debate nacional del PJ: \u201cTenemos el deber de construir una alternativa\u201d"},"content":{"rendered":"<p style=\"text-align: center;\"><em><strong>El intendente de Federaci\u00f3n participar\u00e1 este viernes 1 de mayo del encuentro \u201cPrimero las Ideas\u201d en Parque Norte. Con una fuerte impronta federal, el peronismo busca reorganizarse para recuperar la representaci\u00f3n de las mayor\u00edas en un escenario social complejo<\/strong><\/em><\/p>\n<p>&nbsp;<\/p>\n<p>&nbsp;<\/p>\n<p>El peronismo nacional se prepara para una jornada de alto voltaje pol\u00edtico este viernes 1 de mayo, una fecha de profunda carga simb\u00f3lica para el movimiento. Bajo la consigna \u201cPrimero las Ideas\u201d, dirigentes de todo el pa\u00eds se dar\u00e1n cita a las 9:30 horas en Parque Norte (CABA) para iniciar un debate profundo que siente las bases de una nueva alternativa de gobierno.<\/p>\n<p>Entre los protagonistas de este encuentro estar\u00e1 el intendente de Federaci\u00f3n, Ricardo Bravo, quien confirm\u00f3 su participaci\u00f3n a trav\u00e9s de sus redes sociales, sumando la voz de la provincia de Entre R\u00edos a una mesa que busca una construcci\u00f3n \u00abdesde abajo\u00bb y con una apertura real a los sectores sociales.<\/p>\n<p>&nbsp;<\/p>\n<p><strong>El rol hist\u00f3rico del peronismo<\/strong><\/p>\n<p>Al anunciar su presencia, Bravo fue contundente sobre la responsabilidad que recae hoy sobre el Partido Justicialista: \u00abEl peronismo siempre fue protagonista de los procesos de reconstrucci\u00f3n econ\u00f3mica y social de la Argentina, despu\u00e9s de los gobiernos que han pensado un pa\u00eds para pocos, perjudicando la vida de millones de argentinos\u00bb, expres\u00f3 el jefe comunal.<\/p>\n<p>Para el intendente federaense, la crisis actual exige una respuesta inmediata del espacio: \u00abHoy m\u00e1s que nunca tenemos el deber de aportar en la construcci\u00f3n de una alternativa nacional\u00bb.<\/p>\n<p>&nbsp;<\/p>\n<p><strong>Una propuesta con visi\u00f3n federal<\/strong><\/p>\n<p>La convocatoria de Parque Norte no busca ser un simple acto partidario, sino un espacio de debate donde las ideas sean el punto de partida. Bravo destac\u00f3 que la impronta del encuentro es puramente federal, buscando romper con el centralismo y recuperando la representaci\u00f3n de los sectores que hoy se ven m\u00e1s afectados por la situaci\u00f3n econ\u00f3mica.<\/p>\n<p>\u00abBuscamos un espacio que sea el punto de partida de una alternativa nacional que recupere la representaci\u00f3n de las mayor\u00edas\u00bb, subray\u00f3 Bravo, marcando que el objetivo final es volver a sintonizar con las demandas de una sociedad que atraviesa un escenario \u00abmuy complejo\u00bb.<\/p>\n<p>El encuentro ya genera grandes expectativas en el arco pol\u00edtico nacional, ya que podr\u00eda marcar el inicio de la reorganizaci\u00f3n definitiva del PJ de cara a los pr\u00f3ximos desaf\u00edos electorales y sociales de la Argentina.<\/p>\n","protected":false},"excerpt":{"rendered":"<p>El intendente de Federaci\u00f3n participar\u00e1 este viernes 1 de mayo del encuentro \u201cPrimero las Ideas\u201d en Parque Norte. Con una fuerte impronta federal, el peronismo busca reorganizarse para recuperar la representaci\u00f3n de las mayor\u00edas en un escenario social complejo &nbsp; &nbsp; El peronismo nacional se prepara para una jornada de alto voltaje pol\u00edtico este viernes 1 de mayo, una fecha de profunda carga simb\u00f3lica para el movimiento. Bajo la consigna \u201cPrimero las Ideas\u201d, dirigentes de todo el pa\u00eds se dar\u00e1n cita a las 9:30 horas en Parque Norte (CABA) para&#8230;<\/p>\n","protected":false},"author":3,"featured_media":136725,"comment_status":"closed","ping_status":"closed","sticky":false,"template":"","format":"standard","meta":[],"categories":[15],"tags":[],"_links":{"self":[{"href":"https:\/\/www.actualidadadiario.com\/index.php\/wp-json\/wp\/v2\/posts\/136724"}],"collection":[{"href":"https:\/\/www.actualidadadiario.com\/index.php\/wp-json\/wp\/v2\/posts"}],"about":[{"href":"https:\/\/www.actualidadadiario.com\/index.php\/wp-json\/wp\/v2\/types\/post"}],"author":[{"embeddable":true,"href":"https:\/\/www.actualidadadiario.com\/index.php\/wp-json\/wp\/v2\/users\/3"}],"replies":[{"embeddable":true,"href":"https:\/\/www.actualidadadiario.com\/index.php\/wp-json\/wp\/v2\/comments?post=136724"}],"version-history":[{"count":1,"href":"https:\/\/www.actualidadadiario.com\/index.php\/wp-json\/wp\/v2\/posts\/136724\/revisions"}],"predecessor-version":[{"id":136726,"href":"https:\/\/www.actualidadadiario.com\/index.php\/wp-json\/wp\/v2\/posts\/136724\/revisions\/136726"}],"wp:featuredmedia":[{"embeddable":true,"href":"https:\/\/www.actualidadadiario.com\/index.php\/wp-json\/wp\/v2\/media\/136725"}],"wp:attachment":[{"href":"https:\/\/www.actualidadadiario.com\/index.php\/wp-json\/wp\/v2\/media?parent=136724"}],"wp:term":[{"taxonomy":"category","embeddable":true,"href":"https:\/\/www.actualidadadiario.com\/index.php\/wp-json\/wp\/v2\/categories?post=136724"},{"taxonomy":"post_tag","embeddable":true,"href":"https:\/\/www.actualidadadiario.com\/index.php\/wp-json\/wp\/v2\/tags?post=136724"}],"curies":[{"name":"wp","href":"https:\/\/api.w.org\/{rel}","templated":true}]}}