{"id":136721,"date":"2026-04-28T09:12:06","date_gmt":"2026-04-28T12:12:06","guid":{"rendered":"https:\/\/www.actualidadadiario.com\/?p=136721"},"modified":"2026-04-28T09:12:17","modified_gmt":"2026-04-28T12:12:17","slug":"diputados-continua-el-debate-sobre-un-regimen-para-priorizar-a-proveedores-entrerrianos-en-compras-del-estado","status":"publish","type":"post","link":"https:\/\/www.actualidadadiario.com\/index.php\/2026\/04\/28\/diputados-continua-el-debate-sobre-un-regimen-para-priorizar-a-proveedores-entrerrianos-en-compras-del-estado\/","title":{"rendered":"Diputados contin\u00faa el debate sobre un r\u00e9gimen para priorizar a proveedores entrerrianos en compras del Estado"},"content":{"rendered":"<p style=\"text-align: center;\"><em><strong>Este martes a las 14:30 se reunir\u00e1 la Comisi\u00f3n de Legislaci\u00f3n General de la C\u00e1mara de Diputados de Entre R\u00edos con el fin de retomar el debate sobre el proyecto que propone actualizar el r\u00e9gimen vigente para otorgar beneficios y preferencias a proveedores locales en las contrataciones del Estado. La iniciativa es impulsada por el Ejecutivo<\/strong><\/em><\/p>\n<p>&nbsp;<\/p>\n<p>&nbsp;<\/p>\n<p>La C\u00e1mara de Diputados de Entre R\u00edos analizar\u00e1 este martes un proyecto de ley que impulsa un nuevo R\u00e9gimen de Compre Provincial con el objetivo de fortalecer a las empresas radicadas en la provincia y promover un mayor impacto del gasto p\u00fablico en la econom\u00eda local.<\/p>\n<p>La iniciativa busca reemplazar la normativa vigente -leyes N\u00b0 9.353 y su modificatoria N\u00b0 10.809- al considerar que su aplicaci\u00f3n actual resulta limitada frente a las necesidades del entramado productivo.<\/p>\n<p>En ese sentido, propone un esquema m\u00e1s amplio y flexible que alcance a la administraci\u00f3n p\u00fablica provincial, organismos descentralizados, empresas estatales y sociedades con participaci\u00f3n estatal, se indica en el proyecto.<\/p>\n<p>Entre los principales puntos, el proyecto establece beneficios concretos para las firmas entrerrianas en los procesos de contrataci\u00f3n. En licitaciones con sistema de puntaje, se prev\u00e9 un adicional del 10% en la evaluaci\u00f3n econ\u00f3mica de las ofertas, mientras que en contrataciones sin puntaje se priorizar\u00e1 directamente a proveedores locales.<\/p>\n<p>Para acceder a estos beneficios, las empresas deber\u00e1n acreditar una radicaci\u00f3n efectiva en Entre R\u00edos de al menos tres a\u00f1os, estar inscriptas en los registros correspondientes y cumplir con sus obligaciones fiscales.<\/p>\n<p>Adem\u00e1s, se fija como condici\u00f3n que los bienes o servicios ofrecidos sean de calidad equivalente o superior a los competidores y que el precio no supere en m\u00e1s de un 5% a la mejor oferta.<\/p>\n<p>Uno de los aspectos novedosos es la incorporaci\u00f3n del mecanismo de \u201cmejora de oferta local\u201d, que permitir\u00e1 a empresas entrerrianas ajustar sus propuestas cuando queden cerca de la oferta m\u00e1s baja con el fin de quedarse con la adjudicaci\u00f3n y optimizar el uso de recursos p\u00fablicos.<\/p>\n<p>El proyecto tambi\u00e9n contempla la creaci\u00f3n de una \u201cCertificaci\u00f3n Compre\u201d, que simplificar\u00e1 los tr\u00e1mites administrativos al unificar la acreditaci\u00f3n de requisitos para participar en contrataciones estatales.<\/p>\n<p>En sus fundamentos, la iniciativa remarca que el objetivo es generar un \u201cc\u00edrculo virtuoso\u201d en el que una mayor proporci\u00f3n del gasto estatal se reinvierta en la econom\u00eda provincial, promoviendo la creaci\u00f3n de empleo genuino, el desarrollo territorial equilibrado y la innovaci\u00f3n tecnol\u00f3gica.<\/p>\n<p>Asimismo, incorpora criterios de sostenibilidad ambiental y habilita al Poder Ejecutivo a otorgar beneficios adicionales a empresas que acrediten est\u00e1ndares en esa materia, as\u00ed como a definir esquemas diferenciados seg\u00fan sectores productivos o estrategias de desarrollo.<\/p>\n<p>Finalmente, se invita a municipios y comunas a adherir al r\u00e9gimen, con el prop\u00f3sito de extender el alcance de la pol\u00edtica de compre local en todo el territorio entrerriano.<\/p>\n","protected":false},"excerpt":{"rendered":"<p>Este martes a las 14:30 se reunir\u00e1 la Comisi\u00f3n de Legislaci\u00f3n General de la C\u00e1mara de Diputados de Entre R\u00edos con el fin de retomar el debate sobre el proyecto que propone actualizar el r\u00e9gimen vigente para otorgar beneficios y preferencias a proveedores locales en las contrataciones del Estado. La iniciativa es impulsada por el Ejecutivo &nbsp; &nbsp; La C\u00e1mara de Diputados de Entre R\u00edos analizar\u00e1 este martes un proyecto de ley que impulsa un nuevo R\u00e9gimen de Compre Provincial con el objetivo de fortalecer a las empresas radicadas en&#8230;<\/p>\n","protected":false},"author":3,"featured_media":90232,"comment_status":"closed","ping_status":"closed","sticky":false,"template":"","format":"standard","meta":[],"categories":[15],"tags":[],"_links":{"self":[{"href":"https:\/\/www.actualidadadiario.com\/index.php\/wp-json\/wp\/v2\/posts\/136721"}],"collection":[{"href":"https:\/\/www.actualidadadiario.com\/index.php\/wp-json\/wp\/v2\/posts"}],"about":[{"href":"https:\/\/www.actualidadadiario.com\/index.php\/wp-json\/wp\/v2\/types\/post"}],"author":[{"embeddable":true,"href":"https:\/\/www.actualidadadiario.com\/index.php\/wp-json\/wp\/v2\/users\/3"}],"replies":[{"embeddable":true,"href":"https:\/\/www.actualidadadiario.com\/index.php\/wp-json\/wp\/v2\/comments?post=136721"}],"version-history":[{"count":2,"href":"https:\/\/www.actualidadadiario.com\/index.php\/wp-json\/wp\/v2\/posts\/136721\/revisions"}],"predecessor-version":[{"id":136723,"href":"https:\/\/www.actualidadadiario.com\/index.php\/wp-json\/wp\/v2\/posts\/136721\/revisions\/136723"}],"wp:featuredmedia":[{"embeddable":true,"href":"https:\/\/www.actualidadadiario.com\/index.php\/wp-json\/wp\/v2\/media\/90232"}],"wp:attachment":[{"href":"https:\/\/www.actualidadadiario.com\/index.php\/wp-json\/wp\/v2\/media?parent=136721"}],"wp:term":[{"taxonomy":"category","embeddable":true,"href":"https:\/\/www.actualidadadiario.com\/index.php\/wp-json\/wp\/v2\/categories?post=136721"},{"taxonomy":"post_tag","embeddable":true,"href":"https:\/\/www.actualidadadiario.com\/index.php\/wp-json\/wp\/v2\/tags?post=136721"}],"curies":[{"name":"wp","href":"https:\/\/api.w.org\/{rel}","templated":true}]}}