{"id":136719,"date":"2026-04-28T09:11:09","date_gmt":"2026-04-28T12:11:09","guid":{"rendered":"https:\/\/www.actualidadadiario.com\/?p=136719"},"modified":"2026-04-28T09:11:09","modified_gmt":"2026-04-28T12:11:09","slug":"el-senado-retoma-el-analisis-sobre-proyecto-que-establece-el-fin-de-las-jubilaciones-de-privilegios-en-la-provincia","status":"publish","type":"post","link":"https:\/\/www.actualidadadiario.com\/index.php\/2026\/04\/28\/el-senado-retoma-el-analisis-sobre-proyecto-que-establece-el-fin-de-las-jubilaciones-de-privilegios-en-la-provincia\/","title":{"rendered":"El Senado retoma el an\u00e1lisis sobre proyecto que establece el fin de las jubilaciones de privilegios en la provincia"},"content":{"rendered":"<p style=\"text-align: center;\"><em><strong>La reuni\u00f3n de Comisi\u00f3n de Legislaci\u00f3n General se llevar\u00e1 a cabo este martes a las 11. La iniciativa de la Provincia ya tiene media sanci\u00f3n de Diputados. El objetivo es prohibir que los gobernadores y vicegobernadores sean beneficiarios de esas pensiones una vez finalizada la funci\u00f3n<\/strong><\/em><\/p>\n<p>&nbsp;<\/p>\n<p>&nbsp;<\/p>\n<p>Este martes la Comisi\u00f3n de Legislaci\u00f3n General se reunir\u00e1 para volver a examinar la iniciativa presentada por el Ejecutivo que deroga la Ley 4.506 y sus modificatorias, sobre el r\u00e9gimen de pensiones especiales o graciables otorgadas.<\/p>\n<p>El proyecto que ya cuenta con media sanci\u00f3n de Diputados apunta a prohibir que los gobernadores y vicegobernadores sean beneficiarios de esas pensiones una vez finalizada la funci\u00f3n. Adem\u00e1s, prev\u00e9 regular incompatibilidades y causales de caducidad para quienes ya perciben estos beneficios.<\/p>\n<p>El \u00faltimo encuentro para abordar la propuesta de la Provincia se llev\u00f3 a cabo en noviembre del 2025. Al respecto UCR Activa emiti\u00f3 un comunicado pidiendo que no haya demora en su tratamiento teniendo en cuenta la futura presentaci\u00f3n de la una reforma previsional.<\/p>\n","protected":false},"excerpt":{"rendered":"<p>La reuni\u00f3n de Comisi\u00f3n de Legislaci\u00f3n General se llevar\u00e1 a cabo este martes a las 11. La iniciativa de la Provincia ya tiene media sanci\u00f3n de Diputados. El objetivo es prohibir que los gobernadores y vicegobernadores sean beneficiarios de esas pensiones una vez finalizada la funci\u00f3n &nbsp; &nbsp; Este martes la Comisi\u00f3n de Legislaci\u00f3n General se reunir\u00e1 para volver a examinar la iniciativa presentada por el Ejecutivo que deroga la Ley 4.506 y sus modificatorias, sobre el r\u00e9gimen de pensiones especiales o graciables otorgadas. El proyecto que ya cuenta con&#8230;<\/p>\n","protected":false},"author":3,"featured_media":135671,"comment_status":"closed","ping_status":"closed","sticky":false,"template":"","format":"standard","meta":[],"categories":[15],"tags":[],"_links":{"self":[{"href":"https:\/\/www.actualidadadiario.com\/index.php\/wp-json\/wp\/v2\/posts\/136719"}],"collection":[{"href":"https:\/\/www.actualidadadiario.com\/index.php\/wp-json\/wp\/v2\/posts"}],"about":[{"href":"https:\/\/www.actualidadadiario.com\/index.php\/wp-json\/wp\/v2\/types\/post"}],"author":[{"embeddable":true,"href":"https:\/\/www.actualidadadiario.com\/index.php\/wp-json\/wp\/v2\/users\/3"}],"replies":[{"embeddable":true,"href":"https:\/\/www.actualidadadiario.com\/index.php\/wp-json\/wp\/v2\/comments?post=136719"}],"version-history":[{"count":1,"href":"https:\/\/www.actualidadadiario.com\/index.php\/wp-json\/wp\/v2\/posts\/136719\/revisions"}],"predecessor-version":[{"id":136720,"href":"https:\/\/www.actualidadadiario.com\/index.php\/wp-json\/wp\/v2\/posts\/136719\/revisions\/136720"}],"wp:featuredmedia":[{"embeddable":true,"href":"https:\/\/www.actualidadadiario.com\/index.php\/wp-json\/wp\/v2\/media\/135671"}],"wp:attachment":[{"href":"https:\/\/www.actualidadadiario.com\/index.php\/wp-json\/wp\/v2\/media?parent=136719"}],"wp:term":[{"taxonomy":"category","embeddable":true,"href":"https:\/\/www.actualidadadiario.com\/index.php\/wp-json\/wp\/v2\/categories?post=136719"},{"taxonomy":"post_tag","embeddable":true,"href":"https:\/\/www.actualidadadiario.com\/index.php\/wp-json\/wp\/v2\/tags?post=136719"}],"curies":[{"name":"wp","href":"https:\/\/api.w.org\/{rel}","templated":true}]}}