{"id":136717,"date":"2026-04-28T09:10:20","date_gmt":"2026-04-28T12:10:20","guid":{"rendered":"https:\/\/www.actualidadadiario.com\/?p=136717"},"modified":"2026-04-28T09:10:20","modified_gmt":"2026-04-28T12:10:20","slug":"entre-rios-registro-otro-dia-frio","status":"publish","type":"post","link":"https:\/\/www.actualidadadiario.com\/index.php\/2026\/04\/28\/entre-rios-registro-otro-dia-frio\/","title":{"rendered":"Entre R\u00edos registr\u00f3 otro d\u00eda fr\u00edo"},"content":{"rendered":"<p style=\"text-align: center;\"><em><strong>Las temperaturas m\u00ednimas variaron seg\u00fan la zona de la provincia. Se espera un d\u00eda con sol y algunas nubes. Prev\u00e9n suave repunte de las t\u00e9rmicas los pr\u00f3ximos d\u00edas<\/strong><\/em><\/p>\n<p>&nbsp;<\/p>\n<p>&nbsp;<\/p>\n<p>El Servicio Meteorol\u00f3gico Nacional -SMN- inform\u00f3 que este martes volvi\u00f3 a amanecer con bajas temperaturas de oto\u00f1o, casi invernales. En Entre R\u00edos, las m\u00ednimas llegaron hasta los 3.4 grados en ciudades del noreste provincial. En el resto del territorio, oscilan entre los 5 y 7 grados.<\/p>\n<p>La jornada se presentar\u00e1 con buenas condiciones del tiempo. Se espera nubosidad variable que no opacar\u00e1 el sol. Las m\u00e1ximas rondar\u00e1n entre los 18 y 20 grados. El resto de la semana se prev\u00e9 un suave repunte de las temperaturas, sin anuncio de lluvias.<\/p>\n<p>&nbsp;<\/p>\n<p><strong>Pron\u00f3stico para hoy<\/strong><\/p>\n<p>En Paran\u00e1, La Paz, Villaguay, Diamante y Nogoy\u00e1 la m\u00ednima ser\u00e1 de 7 grados y la m\u00e1xima alcanzar\u00e1 los 18 grados. Se prev\u00e9 cielo entre algo y parcialmente nublado.<\/p>\n<p>En Concordia, Federal, Feliciano, Federaci\u00f3n y San Salvador, en tanto, amaneci\u00f3 con una m\u00ednima de 3.4 grados y se prev\u00e9 una m\u00e1xima de 18 grados. Se espera un d\u00eda con nubosidad variable.<\/p>\n<p>En Gualeguaych\u00fa, Col\u00f3n, Uruguay, Tala e Islas, inici\u00f3 con una m\u00ednima de 5 grados y una m\u00e1xima de 19 grados. Al igual que en las otras localidades, se espera un d\u00eda parcialmente despejado.<\/p>\n<p>Finalmente, en Victoria y Gualeguay anuncian 6 grados de m\u00ednima y 20 grados de m\u00e1xima, con cielo parcialmente y algo nublado.<\/p>\n","protected":false},"excerpt":{"rendered":"<p>Las temperaturas m\u00ednimas variaron seg\u00fan la zona de la provincia. Se espera un d\u00eda con sol y algunas nubes. Prev\u00e9n suave repunte de las t\u00e9rmicas los pr\u00f3ximos d\u00edas &nbsp; &nbsp; El Servicio Meteorol\u00f3gico Nacional -SMN- inform\u00f3 que este martes volvi\u00f3 a amanecer con bajas temperaturas de oto\u00f1o, casi invernales. En Entre R\u00edos, las m\u00ednimas llegaron hasta los 3.4 grados en ciudades del noreste provincial. En el resto del territorio, oscilan entre los 5 y 7 grados. La jornada se presentar\u00e1 con buenas condiciones del tiempo. Se espera nubosidad variable que&#8230;<\/p>\n","protected":false},"author":3,"featured_media":104704,"comment_status":"closed","ping_status":"closed","sticky":false,"template":"","format":"standard","meta":[],"categories":[15],"tags":[],"_links":{"self":[{"href":"https:\/\/www.actualidadadiario.com\/index.php\/wp-json\/wp\/v2\/posts\/136717"}],"collection":[{"href":"https:\/\/www.actualidadadiario.com\/index.php\/wp-json\/wp\/v2\/posts"}],"about":[{"href":"https:\/\/www.actualidadadiario.com\/index.php\/wp-json\/wp\/v2\/types\/post"}],"author":[{"embeddable":true,"href":"https:\/\/www.actualidadadiario.com\/index.php\/wp-json\/wp\/v2\/users\/3"}],"replies":[{"embeddable":true,"href":"https:\/\/www.actualidadadiario.com\/index.php\/wp-json\/wp\/v2\/comments?post=136717"}],"version-history":[{"count":1,"href":"https:\/\/www.actualidadadiario.com\/index.php\/wp-json\/wp\/v2\/posts\/136717\/revisions"}],"predecessor-version":[{"id":136718,"href":"https:\/\/www.actualidadadiario.com\/index.php\/wp-json\/wp\/v2\/posts\/136717\/revisions\/136718"}],"wp:featuredmedia":[{"embeddable":true,"href":"https:\/\/www.actualidadadiario.com\/index.php\/wp-json\/wp\/v2\/media\/104704"}],"wp:attachment":[{"href":"https:\/\/www.actualidadadiario.com\/index.php\/wp-json\/wp\/v2\/media?parent=136717"}],"wp:term":[{"taxonomy":"category","embeddable":true,"href":"https:\/\/www.actualidadadiario.com\/index.php\/wp-json\/wp\/v2\/categories?post=136717"},{"taxonomy":"post_tag","embeddable":true,"href":"https:\/\/www.actualidadadiario.com\/index.php\/wp-json\/wp\/v2\/tags?post=136717"}],"curies":[{"name":"wp","href":"https:\/\/api.w.org\/{rel}","templated":true}]}}