{"id":136715,"date":"2026-04-28T09:09:44","date_gmt":"2026-04-28T12:09:44","guid":{"rendered":"https:\/\/www.actualidadadiario.com\/?p=136715"},"modified":"2026-04-28T09:09:44","modified_gmt":"2026-04-28T12:09:44","slug":"advierten-que-el-sistema-publico-de-salud-mental-en-la-provincia-esta-colapsado","status":"publish","type":"post","link":"https:\/\/www.actualidadadiario.com\/index.php\/2026\/04\/28\/advierten-que-el-sistema-publico-de-salud-mental-en-la-provincia-esta-colapsado\/","title":{"rendered":"Advierten que el sistema p\u00fablico de salud mental en la provincia est\u00e1 \u201ccolapsado\u201d"},"content":{"rendered":"<p style=\"text-align: center;\"><em><strong>El referente de ATE, Mat\u00edas Passi indic\u00f3 que el sistema de salud mental est\u00e1 desbordado porque la crisis econ\u00f3mica impide pagar consultas privadas. El reclamo se da previo a la interpelaci\u00f3n de este martes en la C\u00e1mara de Diputados, donde el ministro de Salud deber\u00e1 informar sobre las pol\u00edticas de prevenci\u00f3n de suicidios<\/strong><\/em><\/p>\n<p>&nbsp;<\/p>\n<p>&nbsp;<\/p>\n<p>Este martes se llevar\u00e1 a cabo la interpelaci\u00f3n en Diputados al ministro de Salud, Daniel Blanzaco, para brindar un informe sobre estad\u00edsticas, pol\u00edticas de prevenci\u00f3n y recursos presupuestarios asignados para abordar la problem\u00e1tica del suicidio en la provincia.<\/p>\n<p>Al respecto, el secretario de Derechos Humanos de ATE y trabajador del Hospital Escuela de Paran\u00e1, Mat\u00edas Passi, advirti\u00f3 que el sistema p\u00fablico de la salud mental est\u00e1 \u201ccolapsado\u201d debido a las complicaciones econ\u00f3micas para pagar un psic\u00f3logo: \u201cLa gente tiene que elegir entre comer o ir a una consulta paga\u201d.<\/p>\n<p>\u201cEl presupuesto destinado a la salud mental est\u00e1 por debajo de la demanda, ya que la gente no puede pagar un psic\u00f3logo\u201d, remarc\u00f3 el delegado de ATE. En ese sentido, indic\u00f3 que las principales problem\u00e1ticas son la falta de inversi\u00f3n en infraestructura y salarios \u201cprecarizados que no tienen reconocimiento de su carrera\u201d.<\/p>\n<p>Adem\u00e1s, Passi se\u00f1al\u00f3 que, especialmente en el \u00e1rea destinada a tratar problem\u00e1ticas de ni\u00f1ez y adolescencia, hay falta de personal. \u201cHay una pol\u00edtica de achicar el Estado que se contradice con dar respuesta a las problem\u00e1ticas de una crisis tan acuciante como es la de salud mental\u201d. Esta ausencia, indica el trabajador del Hospital Escuela, genera equipos m\u00f3viles \u201cmuy desarticulados, compuestos por tres personas que tratan de cubrir la demanda de los suicidios\u201d.<\/p>\n","protected":false},"excerpt":{"rendered":"<p>El referente de ATE, Mat\u00edas Passi indic\u00f3 que el sistema de salud mental est\u00e1 desbordado porque la crisis econ\u00f3mica impide pagar consultas privadas. El reclamo se da previo a la interpelaci\u00f3n de este martes en la C\u00e1mara de Diputados, donde el ministro de Salud deber\u00e1 informar sobre las pol\u00edticas de prevenci\u00f3n de suicidios &nbsp; &nbsp; Este martes se llevar\u00e1 a cabo la interpelaci\u00f3n en Diputados al ministro de Salud, Daniel Blanzaco, para brindar un informe sobre estad\u00edsticas, pol\u00edticas de prevenci\u00f3n y recursos presupuestarios asignados para abordar la problem\u00e1tica del suicidio&#8230;<\/p>\n","protected":false},"author":3,"featured_media":101412,"comment_status":"closed","ping_status":"closed","sticky":false,"template":"","format":"standard","meta":[],"categories":[15],"tags":[],"_links":{"self":[{"href":"https:\/\/www.actualidadadiario.com\/index.php\/wp-json\/wp\/v2\/posts\/136715"}],"collection":[{"href":"https:\/\/www.actualidadadiario.com\/index.php\/wp-json\/wp\/v2\/posts"}],"about":[{"href":"https:\/\/www.actualidadadiario.com\/index.php\/wp-json\/wp\/v2\/types\/post"}],"author":[{"embeddable":true,"href":"https:\/\/www.actualidadadiario.com\/index.php\/wp-json\/wp\/v2\/users\/3"}],"replies":[{"embeddable":true,"href":"https:\/\/www.actualidadadiario.com\/index.php\/wp-json\/wp\/v2\/comments?post=136715"}],"version-history":[{"count":1,"href":"https:\/\/www.actualidadadiario.com\/index.php\/wp-json\/wp\/v2\/posts\/136715\/revisions"}],"predecessor-version":[{"id":136716,"href":"https:\/\/www.actualidadadiario.com\/index.php\/wp-json\/wp\/v2\/posts\/136715\/revisions\/136716"}],"wp:featuredmedia":[{"embeddable":true,"href":"https:\/\/www.actualidadadiario.com\/index.php\/wp-json\/wp\/v2\/media\/101412"}],"wp:attachment":[{"href":"https:\/\/www.actualidadadiario.com\/index.php\/wp-json\/wp\/v2\/media?parent=136715"}],"wp:term":[{"taxonomy":"category","embeddable":true,"href":"https:\/\/www.actualidadadiario.com\/index.php\/wp-json\/wp\/v2\/categories?post=136715"},{"taxonomy":"post_tag","embeddable":true,"href":"https:\/\/www.actualidadadiario.com\/index.php\/wp-json\/wp\/v2\/tags?post=136715"}],"curies":[{"name":"wp","href":"https:\/\/api.w.org\/{rel}","templated":true}]}}