{"id":135943,"date":"2026-03-17T11:09:21","date_gmt":"2026-03-17T14:09:21","guid":{"rendered":"https:\/\/www.actualidadadiario.com\/?p=135943"},"modified":"2026-03-17T11:09:21","modified_gmt":"2026-03-17T14:09:21","slug":"diputados-denunciaran-al-fiscal-taiano-y-piden-explicaciones-a-los-milei","status":"publish","type":"post","link":"https:\/\/www.actualidadadiario.com\/index.php\/2026\/03\/17\/diputados-denunciaran-al-fiscal-taiano-y-piden-explicaciones-a-los-milei\/","title":{"rendered":"Diputados denunciar\u00e1n al fiscal Taiano y piden explicaciones a los Milei"},"content":{"rendered":"<p style=\"text-align: center;\"><em><strong>La comisi\u00f3n investigadora del caso $LIBRA acus\u00f3 al fiscal Taiano de encubrimiento y reclam\u00f3 explicaciones al Gobierno por la pol\u00e9mica criptomoneda<\/strong><\/em><\/p>\n<p>&nbsp;<\/p>\n<p>&nbsp;<\/p>\n<p>La comisi\u00f3n investigadora del caso $LIBRA en la C\u00e1mara de Diputados anunci\u00f3 que impulsar\u00e1 una denuncia contra el fiscal Eduardo Taiano por presunto \u201centorpecimiento de la investigaci\u00f3n\u201d y posible encubrimiento en la causa que analiza la promoci\u00f3n de la criptomoneda vinculada al presidente Javier Milei.<\/p>\n<p>El anuncio fue realizado por el diputado Maximiliano Ferraro, presidente del bloque de la Coalici\u00f3n C\u00edvica y titular de la comisi\u00f3n, quien sostuvo que el episodio constituye \u201cuna estafa y un hecho de corrupci\u00f3n millonario\u201d.<\/p>\n<p>Seg\u00fan afirm\u00f3 el legislador, el caso tambi\u00e9n representa \u201cuna clara malversaci\u00f3n de la investidura presidencial que reviste una gravedad enorme desde el punto de vista institucional\u201d.<\/p>\n<p>&nbsp;<\/p>\n<p><strong>La denuncia contra el fiscal Taiano<\/strong><\/p>\n<p>Durante una conferencia de prensa en la C\u00e1mara de Diputados, Ferraro cuestion\u00f3 el desempe\u00f1o del fiscal Eduardo Taiano, quien interviene en la investigaci\u00f3n judicial sobre el lanzamiento de la criptomoneda.<\/p>\n<p>De acuerdo con el legislador, el fiscal estar\u00eda \u201cal borde del encubrimiento\u201d por la forma en que avanz\u00f3 el expediente y por la demora en impulsar determinadas medidas de prueba.<\/p>\n<p>En ese contexto, los integrantes de la comisi\u00f3n resolvieron presentar una denuncia ante el Ministerio P\u00fablico Fiscal para que se eval\u00fae la actuaci\u00f3n del funcionario judicial.<\/p>\n<p>El pedido formal ser\u00e1 analizado en el marco de la causa que tramita en el juzgado federal a cargo de Marcelo Mart\u00ednez de Giorgi, quien deber\u00e1 determinar si Taiano contin\u00faa al frente del expediente o si corresponde su apartamiento.<\/p>\n<p>&nbsp;<\/p>\n<p><strong>Pedido de explicaciones al Gobierno<\/strong><\/p>\n<p>La comisi\u00f3n investigadora tambi\u00e9n anticip\u00f3 que presentar\u00e1 un pedido de informes al Poder Ejecutivo para que funcionarios del Gobierno respondan sobre el caso.<\/p>\n<p>El requerimiento apunta a que el presidente Javier Milei, la secretaria general de la Presidencia Karina Milei, el asesor presidencial Santiago Caputo y el economista Demian Reidel expliquen el contenido de las comunicaciones que mantuvieron con el empresario Mauricio Novelli.<\/p>\n<p>Seg\u00fan Ferraro, peritajes realizados en el marco de la investigaci\u00f3n detectaron m\u00e1s de veinte comunicaciones entre integrantes del entorno presidencial y Novelli en las horas previas al lanzamiento del activo digital y tambi\u00e9n despu\u00e9s de su ca\u00edda.<\/p>\n<p>&nbsp;<\/p>\n<p><strong>La promoci\u00f3n de la criptomoneda bajo investigaci\u00f3n<\/strong><\/p>\n<p>El caso se origin\u00f3 tras la promoci\u00f3n de la criptomoneda $LIBRA, difundida el 14 de febrero de 2025, que luego sufri\u00f3 un fuerte desplome y gener\u00f3 p\u00e9rdidas a inversores estimadas en al menos 100 millones de d\u00f3lares.<\/p>\n<p>Ferraro sostuvo que la promoci\u00f3n del activo digital habr\u00eda sido \u201cpremeditada\u201d y afirm\u00f3 que las pruebas incorporadas al expediente contradicen la versi\u00f3n p\u00fablica brindada por el mandatario.<\/p>\n<p>\u201cLibra tuvo como protagonista y part\u00edcipe necesario al Presidente\u201d, afirm\u00f3 el diputado durante la conferencia.<\/p>\n<p>En esa l\u00ednea, tambi\u00e9n cuestion\u00f3 las reuniones que, seg\u00fan indic\u00f3, se habr\u00edan realizado en la residencia presidencial de Olivos con personas vinculadas al proyecto.<\/p>\n<p>&nbsp;<\/p>\n<p><strong>Interpelaciones y nuevas medidas en Diputados<\/strong><\/p>\n<p>Adem\u00e1s de la denuncia contra el fiscal, los legisladores opositores anticiparon que impulsar\u00e1n nuevas medidas parlamentarias.<\/p>\n<p>Entre ellas se encuentra un pedido de interpelaci\u00f3n al jefe de Gabinete, Manuel Adorni, y a la secretaria general de la Presidencia, Karina Milei, para que den explicaciones ante el Congreso.<\/p>\n<p>Ferraro se\u00f1al\u00f3 que la comisi\u00f3n evaluar\u00e1 abrir una segunda etapa de investigaci\u00f3n parlamentaria para seguir analizando las responsabilidades pol\u00edticas en el caso.<\/p>\n<p>Tambi\u00e9n adelant\u00f3 que se promover\u00e1 la conformaci\u00f3n de una comisi\u00f3n ad hoc en Diputados para monitorear el avance de la causa judicial.<\/p>\n<p>&nbsp;<\/p>\n<p><strong>Cr\u00edticas al Gobierno por su relaci\u00f3n con la prensa<\/strong><\/p>\n<p>Durante la conferencia, Ferraro tambi\u00e9n cuestion\u00f3 la relaci\u00f3n del Gobierno con los medios de comunicaci\u00f3n y anunci\u00f3 que solicitar\u00e1 la convocatoria de la Comisi\u00f3n de Libertad de Expresi\u00f3n de la C\u00e1mara baja.<\/p>\n<p>Seg\u00fan sostuvo, el objetivo ser\u00e1 escuchar a periodistas y analizar las denuncias sobre presiones o ataques contra el periodismo.<\/p>\n<p>\u201cVamos a exigir que se re\u00fana de manera inmediata la Comisi\u00f3n de Libertad de Expresi\u00f3n convocando a periodistas\u201d, se\u00f1al\u00f3 el legislador.<\/p>\n","protected":false},"excerpt":{"rendered":"<p>La comisi\u00f3n investigadora del caso $LIBRA acus\u00f3 al fiscal Taiano de encubrimiento y reclam\u00f3 explicaciones al Gobierno por la pol\u00e9mica criptomoneda &nbsp; &nbsp; La comisi\u00f3n investigadora del caso $LIBRA en la C\u00e1mara de Diputados anunci\u00f3 que impulsar\u00e1 una denuncia contra el fiscal Eduardo Taiano por presunto \u201centorpecimiento de la investigaci\u00f3n\u201d y posible encubrimiento en la causa que analiza la promoci\u00f3n de la criptomoneda vinculada al presidente Javier Milei. El anuncio fue realizado por el diputado Maximiliano Ferraro, presidente del bloque de la Coalici\u00f3n C\u00edvica y titular de la comisi\u00f3n, quien&#8230;<\/p>\n","protected":false},"author":3,"featured_media":135944,"comment_status":"closed","ping_status":"closed","sticky":false,"template":"","format":"standard","meta":[],"categories":[18],"tags":[],"_links":{"self":[{"href":"https:\/\/www.actualidadadiario.com\/index.php\/wp-json\/wp\/v2\/posts\/135943"}],"collection":[{"href":"https:\/\/www.actualidadadiario.com\/index.php\/wp-json\/wp\/v2\/posts"}],"about":[{"href":"https:\/\/www.actualidadadiario.com\/index.php\/wp-json\/wp\/v2\/types\/post"}],"author":[{"embeddable":true,"href":"https:\/\/www.actualidadadiario.com\/index.php\/wp-json\/wp\/v2\/users\/3"}],"replies":[{"embeddable":true,"href":"https:\/\/www.actualidadadiario.com\/index.php\/wp-json\/wp\/v2\/comments?post=135943"}],"version-history":[{"count":1,"href":"https:\/\/www.actualidadadiario.com\/index.php\/wp-json\/wp\/v2\/posts\/135943\/revisions"}],"predecessor-version":[{"id":135945,"href":"https:\/\/www.actualidadadiario.com\/index.php\/wp-json\/wp\/v2\/posts\/135943\/revisions\/135945"}],"wp:featuredmedia":[{"embeddable":true,"href":"https:\/\/www.actualidadadiario.com\/index.php\/wp-json\/wp\/v2\/media\/135944"}],"wp:attachment":[{"href":"https:\/\/www.actualidadadiario.com\/index.php\/wp-json\/wp\/v2\/media?parent=135943"}],"wp:term":[{"taxonomy":"category","embeddable":true,"href":"https:\/\/www.actualidadadiario.com\/index.php\/wp-json\/wp\/v2\/categories?post=135943"},{"taxonomy":"post_tag","embeddable":true,"href":"https:\/\/www.actualidadadiario.com\/index.php\/wp-json\/wp\/v2\/tags?post=135943"}],"curies":[{"name":"wp","href":"https:\/\/api.w.org\/{rel}","templated":true}]}}