{"id":135940,"date":"2026-03-17T11:08:13","date_gmt":"2026-03-17T14:08:13","guid":{"rendered":"https:\/\/www.actualidadadiario.com\/?p=135940"},"modified":"2026-03-17T11:08:13","modified_gmt":"2026-03-17T14:08:13","slug":"cfk-declaro-cuestiono-el-proceso-y-hablo-de-practicas-mafiosas","status":"publish","type":"post","link":"https:\/\/www.actualidadadiario.com\/index.php\/2026\/03\/17\/cfk-declaro-cuestiono-el-proceso-y-hablo-de-practicas-mafiosas\/","title":{"rendered":"CFK declar\u00f3, cuestion\u00f3 el proceso y habl\u00f3 de \u201cpr\u00e1cticas mafiosas\u201d"},"content":{"rendered":"<p style=\"text-align: center;\"><em><strong>La ex presidenta declar\u00f3 ante el Tribunal Oral Federal N\u00b07 en una audiencia presencial y transmitida en vivo, donde lanz\u00f3 fuertes cr\u00edticas al proceso judicial<\/strong><\/em><\/p>\n<p>&nbsp;<\/p>\n<p>&nbsp;<\/p>\n<p>La ex presidenta Cristina Fern\u00e1ndez de Kirchner se present\u00f3 este martes ante el Tribunal Oral Federal N\u00b07 en los tribunales de Comodoro Py 2002, en el inicio de la ronda de indagatorias del juicio por la causa conocida como \u201clos Cuadernos de las coimas\u201d.<\/p>\n<p>La audiencia, que se desarroll\u00f3 de manera presencial y fue transmitida en vivo, marc\u00f3 un punto clave en el proceso judicial. La ex mandataria fue la primera de los 86 acusados en declarar en este expediente que investiga un presunto sistema de recaudaci\u00f3n ilegal de sobornos vinculado a la obra p\u00fablica.<\/p>\n<p>&nbsp;<\/p>\n<p><strong>Llegada con operativo y presencia militante<\/strong><\/p>\n<p>Cristina Kirchner arrib\u00f3 a los tribunales en medio de un fuerte operativo de seguridad, en una jornada que tambi\u00e9n incluy\u00f3 la presencia de militantes en las inmediaciones del edificio.<\/p>\n<p>Adem\u00e1s, se acreditaron para ingresar a la sala representantes de Abuelas de Plaza de Mayo, el Premio Nobel de la Paz Adolfo P\u00e9rez Esquivel, as\u00ed como dirigentes pol\u00edticos como Eduardo de Pedro, Juan Grabois e Itai Hagman.<\/p>\n<p>En paralelo, tambi\u00e9n hubo concentraci\u00f3n de militantes en su domicilio de la calle San Jos\u00e9 1111, desde donde parti\u00f3 rumbo a Retiro.<\/p>\n<p>&nbsp;<\/p>\n<p><strong>Un discurso sin preguntas<\/strong><\/p>\n<p>Durante su declaraci\u00f3n, Cristina Kirchner realiz\u00f3 un extenso mon\u00f3logo de alto contenido pol\u00edtico y decidi\u00f3 no responder preguntas. En ese marco, lanz\u00f3 una de las frases m\u00e1s contundentes de la jornada: \u201cMe puedo morir presa con este Poder Judicial\u201d.<\/p>\n<p>La ex jefa de Estado comenz\u00f3 su exposici\u00f3n refiri\u00e9ndose a su condena en la causa Vialidad, sobre la cual sostuvo que fue condenada \u201csin pruebas\u201d, con cr\u00edticas a los jueces intervinientes.<\/p>\n<p>&nbsp;<\/p>\n<p><strong>Cr\u00edticas a la causa Cuadernos<\/strong><\/p>\n<p>Luego centr\u00f3 su discurso en el expediente actual y elev\u00f3 el tono de sus cuestionamientos. \u201cEstamos ante una causa donde el juez instrucci\u00f3n Bonadio y el fiscal de instrucci\u00f3n Stornelli son directamente mafiosos. Estamos inmersos en pr\u00e1cticas mafiosas por parte de jueces y fiscales\u201d, afirm\u00f3.<\/p>\n<p>En esa l\u00ednea, insisti\u00f3: \u201cYa no estamos ante una persecuci\u00f3n pol\u00edtica, estamos ante pr\u00e1cticas mafiosas por parte de jueces y fiscales\u201d.<\/p>\n<p>Tambi\u00e9n hizo referencia al caso D\u2019Alessio y al v\u00ednculo entre el falso abogado y el fiscal. \u201cEn esa asociaci\u00f3n il\u00edcita el v\u00ednculo entre Marcelo D\u2019Alessio y Carlos Stornelli era un activo muy importante\u201d, se\u00f1al\u00f3.<\/p>\n<p>&nbsp;<\/p>\n<p><strong>Cuestionamientos al proceso judicial<\/strong><\/p>\n<p>A lo largo de su exposici\u00f3n, la ex presidenta habl\u00f3 de un \u201cmanejo delictivo o criminal\u201d de la figura del arrepentido dentro de la causa Cuadernos y calific\u00f3 el proceso como \u201cmafia pura y dura\u201d.<\/p>\n<p>\u201cHay jueces que responden a directivas pol\u00edticas, econ\u00f3micas, inclinan la cancha a favor o en contra pero ac\u00e1 estamos ante un estadio superior: no es que condenan sin pruebas: fraguan y construyen las pruebas que no son pruebas y que van a finalmente a condenar a una persona\u201d, expres\u00f3.<\/p>\n<p>Adem\u00e1s, sostuvo: \u201cMet\u00edan presa gente para que dijeran que yo era la responsable de todo\u201d.<\/p>\n<p>En ese contexto, cuestion\u00f3 las acusaciones en su contra: \u201c\u00bfCu\u00e1ndo, c\u00f3mo, qui\u00e9n la recibi\u00f3?, \u00bfyo?, \u00bfde qui\u00e9n?\u201d. Y agreg\u00f3: \u201cMe dieron vuelta mi casa de R\u00edo Gallegos, mi departamento de Juncal y Uruguay y me rompieron la casa de Calafate\u201d.<\/p>\n<p>\u201c\u00bfUstedes saben c\u00f3mo vivo yo? \u00bfC\u00f3mo viven mis hijos? \u00bfQu\u00e9 es esto de se rob\u00f3 un PBI? Si me hubiera robado miles de millones no estar\u00eda sentada ac\u00e1\u201d, afirm\u00f3.<\/p>\n<p>&nbsp;<\/p>\n<p><strong>Cr\u00edticas al Gobierno<\/strong><\/p>\n<p>Durante su intervenci\u00f3n, tambi\u00e9n apunt\u00f3 contra el presidente Javier Milei. Record\u00f3 su discurso en la Asamblea Legislativa y cuestion\u00f3 sus declaraciones.<\/p>\n<p>\u201cEl 1 de marzo en la Asamblea Legislativa el presidente de la Rep\u00fablica anuncia que voy a seguir presa por esta causa y por el Memorandum con Ir\u00e1n\u201d, dijo.<\/p>\n<p>Y agreg\u00f3: \u201cYo invito a cualquiera de ustedes a que me traigan alguna manifestaci\u00f3n de alg\u00fan presidente que haya anunciado en una asamblea legislativa que un ciudadano argentino iba a ir preso por causas judiciales en tr\u00e1mite\u201d.<\/p>\n<p>&nbsp;<\/p>\n<p><strong>Cierre de la declaraci\u00f3n<\/strong><\/p>\n<p>Sobre el final de su exposici\u00f3n, Cristina Kirchner volvi\u00f3 a cuestionar la causa y la calific\u00f3 como un \u201cgran disparate\u201d.<\/p>\n<p>\u201cQuiero decir se\u00f1ores jueces y a todos los que est\u00e1n escuchando que me parece sinceramente un gran disparate esta causa\u201d, concluy\u00f3 antes de retirarse de la sala.<\/p>\n<p>Antes de su salida, los jueces realizaron una exposici\u00f3n sobre las garant\u00edas de imparcialidad que tendr\u00e1 el juicio. Luego, la ex mandataria regres\u00f3 a su domicilio en Constituci\u00f3n, donde cumple arresto domiciliario.<\/p>\n<p>La jornada marc\u00f3 un nuevo cap\u00edtulo en uno de los procesos judiciales m\u00e1s relevantes de los \u00faltimos a\u00f1os, con fuerte impacto pol\u00edtico y medi\u00e1tico.<\/p>\n","protected":false},"excerpt":{"rendered":"<p>La ex presidenta declar\u00f3 ante el Tribunal Oral Federal N\u00b07 en una audiencia presencial y transmitida en vivo, donde lanz\u00f3 fuertes cr\u00edticas al proceso judicial &nbsp; &nbsp; La ex presidenta Cristina Fern\u00e1ndez de Kirchner se present\u00f3 este martes ante el Tribunal Oral Federal N\u00b07 en los tribunales de Comodoro Py 2002, en el inicio de la ronda de indagatorias del juicio por la causa conocida como \u201clos Cuadernos de las coimas\u201d. La audiencia, que se desarroll\u00f3 de manera presencial y fue transmitida en vivo, marc\u00f3 un punto clave en el&#8230;<\/p>\n","protected":false},"author":3,"featured_media":135941,"comment_status":"closed","ping_status":"closed","sticky":false,"template":"","format":"standard","meta":[],"categories":[9],"tags":[],"_links":{"self":[{"href":"https:\/\/www.actualidadadiario.com\/index.php\/wp-json\/wp\/v2\/posts\/135940"}],"collection":[{"href":"https:\/\/www.actualidadadiario.com\/index.php\/wp-json\/wp\/v2\/posts"}],"about":[{"href":"https:\/\/www.actualidadadiario.com\/index.php\/wp-json\/wp\/v2\/types\/post"}],"author":[{"embeddable":true,"href":"https:\/\/www.actualidadadiario.com\/index.php\/wp-json\/wp\/v2\/users\/3"}],"replies":[{"embeddable":true,"href":"https:\/\/www.actualidadadiario.com\/index.php\/wp-json\/wp\/v2\/comments?post=135940"}],"version-history":[{"count":1,"href":"https:\/\/www.actualidadadiario.com\/index.php\/wp-json\/wp\/v2\/posts\/135940\/revisions"}],"predecessor-version":[{"id":135942,"href":"https:\/\/www.actualidadadiario.com\/index.php\/wp-json\/wp\/v2\/posts\/135940\/revisions\/135942"}],"wp:featuredmedia":[{"embeddable":true,"href":"https:\/\/www.actualidadadiario.com\/index.php\/wp-json\/wp\/v2\/media\/135941"}],"wp:attachment":[{"href":"https:\/\/www.actualidadadiario.com\/index.php\/wp-json\/wp\/v2\/media?parent=135940"}],"wp:term":[{"taxonomy":"category","embeddable":true,"href":"https:\/\/www.actualidadadiario.com\/index.php\/wp-json\/wp\/v2\/categories?post=135940"},{"taxonomy":"post_tag","embeddable":true,"href":"https:\/\/www.actualidadadiario.com\/index.php\/wp-json\/wp\/v2\/tags?post=135940"}],"curies":[{"name":"wp","href":"https:\/\/api.w.org\/{rel}","templated":true}]}}