{"id":135938,"date":"2026-03-17T11:06:56","date_gmt":"2026-03-17T14:06:56","guid":{"rendered":"https:\/\/www.actualidadadiario.com\/?p=135938"},"modified":"2026-03-17T11:06:56","modified_gmt":"2026-03-17T14:06:56","slug":"encuesta-la-desaprobacion-al-gobierno-de-milei-llego-a-su-record","status":"publish","type":"post","link":"https:\/\/www.actualidadadiario.com\/index.php\/2026\/03\/17\/encuesta-la-desaprobacion-al-gobierno-de-milei-llego-a-su-record\/","title":{"rendered":"Encuesta: la desaprobaci\u00f3n al gobierno de Milei lleg\u00f3 a su r\u00e9cord"},"content":{"rendered":"<p style=\"text-align: center;\"><em><strong>El peor momento de Javier Milei seg\u00fan una encuesta: el rechazo supera el 58% y la aprobaci\u00f3n se derrumba. El clima social vuelve a tensarse<\/strong><\/em><\/p>\n<p>&nbsp;<\/p>\n<p>&nbsp;<\/p>\n<p>Un nuevo relevamiento nacional volvi\u00f3 a encender se\u00f1ales de alerta en la Casa Rosada. Seg\u00fan una encuesta reciente, la desaprobaci\u00f3n de la gesti\u00f3n del presidente Javier Milei alcanz\u00f3 el 58,7%, mientras que la aprobaci\u00f3n se ubic\u00f3 en el 35,4%.<\/p>\n<p>Los datos muestran una brecha cercana a los 20 puntos entre ambas variables, consolidando un saldo negativo para el Gobierno en la opini\u00f3n p\u00fablica y reflejando un clima pol\u00edtico cada vez m\u00e1s adverso.<\/p>\n<p>&nbsp;<\/p>\n<p><strong>Los n\u00fameros de la \u00faltima encuesta<\/strong><\/p>\n<p>El estudio fue realizado por la consultora Zuban C\u00f3rdoba, que difundi\u00f3 su medici\u00f3n nacional correspondiente a marzo de 2026.<\/p>\n<p>&nbsp;<\/p>\n<p><strong>La evaluaci\u00f3n de la gesti\u00f3n presidencial<\/strong><\/p>\n<p>De acuerdo con el informe:<\/p>\n<ul>\n<li>58,7% desaprueba la gesti\u00f3n de Javier Milei<\/li>\n<li>35,4% aprueba el desempe\u00f1o del Gobierno<\/li>\n<li>5,9% no sabe o no responde<\/li>\n<\/ul>\n<p>Los resultados marcan el nivel de aprobaci\u00f3n m\u00e1s bajo desde el inicio del mandato, seg\u00fan destaca el relevamiento.<\/p>\n<p>&nbsp;<\/p>\n<p><strong>El desgaste tras el repunte electoral<\/strong><\/p>\n<p>El informe tambi\u00e9n se\u00f1ala que el breve per\u00edodo de recuperaci\u00f3n que el oficialismo hab\u00eda experimentado despu\u00e9s de las elecciones legislativas de octubre de 2025 se revirti\u00f3 en los \u00faltimos meses.<\/p>\n<p>Tras aquel triunfo electoral, el Gobierno hab\u00eda logrado acercarse a un escenario de paridad en la evaluaci\u00f3n p\u00fablica, capitalizando el resultado de las urnas. Sin embargo, esa tendencia se fue diluyendo con el correr del tiempo.<\/p>\n<p>&nbsp;<\/p>\n<p><strong>Un deterioro en pocos meses<\/strong><\/p>\n<p>El an\u00e1lisis evolutivo muestra un deterioro sostenido en la imagen de la gesti\u00f3n. En diciembre de 2025, la desaprobaci\u00f3n se ubicaba en 49,6%. Apenas tres meses despu\u00e9s, ese indicador subi\u00f3 casi diez puntos, hasta alcanzar el 58,7%.<\/p>\n<p>En paralelo, la aprobaci\u00f3n experiment\u00f3 el movimiento inverso: pas\u00f3 de 48,8% a fin de a\u00f1o a 35,4% en la actualidad, cayendo a niveles cercanos a un tercio del electorado.<\/p>\n<p>&nbsp;<\/p>\n<p><strong>El impacto del contexto econ\u00f3mico<\/strong><\/p>\n<p>Desde la consultora atribuyen el cambio de tendencia a distintos factores que impactan en la percepci\u00f3n social.<\/p>\n<p>Entre ellos se destacan: La persistencia de la crisis econ\u00f3mica, La aparici\u00f3n de nuevos casos de corrupci\u00f3n y el desgaste pol\u00edtico del Gobierno.<\/p>\n<p>Estos elementos, seg\u00fan el an\u00e1lisis del informe, habr\u00edan erosionado la confianza de sectores moderados que hab\u00edan respaldado al oficialismo tras las elecciones legislativas.<\/p>\n<p>&nbsp;<\/p>\n<p><strong>El crecimiento del segmento indeciso<\/strong><\/p>\n<p>Otro dato que surge del relevamiento es el incremento del grupo de personas que no define su postura frente al Gobierno.<\/p>\n<p>El segmento \u201cNo sabe\u201d pas\u00f3 de 0,1% a 5,9%, lo que sugiere que parte del electorado que antes mostraba apoyo comienza a ubicarse en una zona de duda o escepticismo respecto de los resultados de la gesti\u00f3n.<\/p>\n<p>&nbsp;<\/p>\n<p><strong>Un escenario pol\u00edtico cada vez m\u00e1s definido<\/strong><\/p>\n<p>El informe concluye que el escenario pol\u00edtico aparece cada vez m\u00e1s consolidado en t\u00e9rminos de desaprobaci\u00f3n, con una mayor\u00eda social que cuestiona el rumbo del pa\u00eds.<\/p>\n<p>Tras el alivio electoral que signific\u00f3 el triunfo legislativo de 2025, el Gobierno vuelve a enfrentar un clima de opini\u00f3n p\u00fablica adverso, en medio de un contexto econ\u00f3mico complejo y un debate pol\u00edtico cada vez m\u00e1s intenso.<\/p>\n","protected":false},"excerpt":{"rendered":"<p>El peor momento de Javier Milei seg\u00fan una encuesta: el rechazo supera el 58% y la aprobaci\u00f3n se derrumba. El clima social vuelve a tensarse &nbsp; &nbsp; Un nuevo relevamiento nacional volvi\u00f3 a encender se\u00f1ales de alerta en la Casa Rosada. Seg\u00fan una encuesta reciente, la desaprobaci\u00f3n de la gesti\u00f3n del presidente Javier Milei alcanz\u00f3 el 58,7%, mientras que la aprobaci\u00f3n se ubic\u00f3 en el 35,4%. Los datos muestran una brecha cercana a los 20 puntos entre ambas variables, consolidando un saldo negativo para el Gobierno en la opini\u00f3n p\u00fablica&#8230;<\/p>\n","protected":false},"author":3,"featured_media":125191,"comment_status":"closed","ping_status":"closed","sticky":false,"template":"","format":"standard","meta":[],"categories":[9],"tags":[],"_links":{"self":[{"href":"https:\/\/www.actualidadadiario.com\/index.php\/wp-json\/wp\/v2\/posts\/135938"}],"collection":[{"href":"https:\/\/www.actualidadadiario.com\/index.php\/wp-json\/wp\/v2\/posts"}],"about":[{"href":"https:\/\/www.actualidadadiario.com\/index.php\/wp-json\/wp\/v2\/types\/post"}],"author":[{"embeddable":true,"href":"https:\/\/www.actualidadadiario.com\/index.php\/wp-json\/wp\/v2\/users\/3"}],"replies":[{"embeddable":true,"href":"https:\/\/www.actualidadadiario.com\/index.php\/wp-json\/wp\/v2\/comments?post=135938"}],"version-history":[{"count":1,"href":"https:\/\/www.actualidadadiario.com\/index.php\/wp-json\/wp\/v2\/posts\/135938\/revisions"}],"predecessor-version":[{"id":135939,"href":"https:\/\/www.actualidadadiario.com\/index.php\/wp-json\/wp\/v2\/posts\/135938\/revisions\/135939"}],"wp:featuredmedia":[{"embeddable":true,"href":"https:\/\/www.actualidadadiario.com\/index.php\/wp-json\/wp\/v2\/media\/125191"}],"wp:attachment":[{"href":"https:\/\/www.actualidadadiario.com\/index.php\/wp-json\/wp\/v2\/media?parent=135938"}],"wp:term":[{"taxonomy":"category","embeddable":true,"href":"https:\/\/www.actualidadadiario.com\/index.php\/wp-json\/wp\/v2\/categories?post=135938"},{"taxonomy":"post_tag","embeddable":true,"href":"https:\/\/www.actualidadadiario.com\/index.php\/wp-json\/wp\/v2\/tags?post=135938"}],"curies":[{"name":"wp","href":"https:\/\/api.w.org\/{rel}","templated":true}]}}