{"id":135933,"date":"2026-03-17T09:58:59","date_gmt":"2026-03-17T12:58:59","guid":{"rendered":"https:\/\/www.actualidadadiario.com\/?p=135933"},"modified":"2026-03-17T09:58:59","modified_gmt":"2026-03-17T12:58:59","slug":"universidades-reclaman-paritarias-urgentes-en-medio-del-paro-nacional","status":"publish","type":"post","link":"https:\/\/www.actualidadadiario.com\/index.php\/2026\/03\/17\/universidades-reclaman-paritarias-urgentes-en-medio-del-paro-nacional\/","title":{"rendered":"Universidades reclaman paritarias urgentes en medio del paro nacional"},"content":{"rendered":"<p style=\"text-align: center;\"><em><strong>El presidente del Consejo Interuniversitario Nacional advirti\u00f3 que la situaci\u00f3n salarial genera \u201cmucha decepci\u00f3n\u201d en docentes y no docentes. Universidades y gremios iniciaron el ciclo lectivo con paro<\/strong><\/em><\/p>\n<p>&nbsp;<\/p>\n<p>&nbsp;<\/p>\n<p>El sistema universitario argentino inici\u00f3 el ciclo lectivo en medio de un clima de fuerte conflictividad. Docentes y trabajadores no docentes convocaron a un paro nacional del 16 al 21 de marzo, mientras las autoridades universitarias insisten en que la prioridad es que el Gobierno convoque a negociaciones paritarias para recomponer los salarios.<\/p>\n<p>La disputa se desarrolla en el marco del conflicto por la Ley de Financiamiento Universitario, sancionada en 2025. La norma hab\u00eda sido aprobada por el Congreso tras superar incluso un veto presidencial, pero su implementaci\u00f3n todav\u00eda no se concret\u00f3, lo que deriv\u00f3 en una controversia judicial entre universidades y el Gobierno nacional.<\/p>\n<p>El proyecto original sintetizaba varios de los reclamos de los gremios universitarios: actualizaci\u00f3n salarial, aumento de los gastos de funcionamiento, recomposici\u00f3n de becas estudiantiles e inversiones en infraestructura. Sin embargo, ante el rev\u00e9s judicial, el Ejecutivo decidi\u00f3 evaluar alternativas y convoc\u00f3 a las autoridades del Consejo Interuniversitario Nacional (CIN) para anticiparles que presentar\u00eda un nuevo proyecto con un esquema de financiamiento m\u00e1s ajustado a sus objetivos fiscales.<\/p>\n<p>&nbsp;<\/p>\n<p><strong>Reclamo por recomposici\u00f3n salarial<\/strong><\/p>\n<p>Oscar Alpa, rector de la Universidad Nacional de La Pampa y presidente del CIN, explic\u00f3 que existe preocupaci\u00f3n en el sistema universitario por la situaci\u00f3n salarial. El dirigente se\u00f1al\u00f3 que circula un borrador de proyecto oficial, aunque aclar\u00f3 que no hay confirmaci\u00f3n de que se trate de una iniciativa formal.<\/p>\n<p>Seg\u00fan advirti\u00f3, el documento que comenz\u00f3 a analizarse reduce algunos de los puntos contemplados en la ley original y se aleja del planteo inicial de los gremios. En ese sentido, remarc\u00f3 que el reclamo principal es la actualizaci\u00f3n de los salarios en funci\u00f3n de la inflaci\u00f3n.<\/p>\n<p>Alpa record\u00f3 que el 97% del presupuesto universitario se destina al pago de sueldos, por lo que la discusi\u00f3n salarial resulta central para el funcionamiento del sistema. \u201cLo m\u00e1s urgente es que el Gobierno llame a paritarias\u201d, sostuvo.<\/p>\n<p>El \u00faltimo acuerdo paritario se firm\u00f3 en octubre de 2024 y el incremento m\u00e1s reciente fue en diciembre de ese a\u00f1o, cuando el Ejecutivo otorg\u00f3 un aumento del 2% por decreto.<\/p>\n<p>&nbsp;<\/p>\n<p><strong>Diferencias sobre el financiamiento<\/strong><\/p>\n<p>La ley sancionada en 2025 contemplaba un incremento del financiamiento universitario equivalente al 0,23% del Producto Bruto Interno, seg\u00fan estimaciones de la Oficina de Presupuesto del Congreso.<\/p>\n<p>En contraste, el borrador que analiza el Gobierno no contempla la brecha salarial acumulada durante los primeros a\u00f1os de gesti\u00f3n de Javier Milei. Seg\u00fan la federaci\u00f3n docente CONADU, esa p\u00e9rdida alcanza aproximadamente el 53% frente a la inflaci\u00f3n.<\/p>\n<p>El esquema alternativo propone que el financiamiento se ajuste \u00fanicamente si la inflaci\u00f3n supera el 14,3%, algo que podr\u00eda ocurrir reci\u00e9n hacia mediados de a\u00f1o si se mantiene el actual ritmo inflacionario cercano al 2,9% mensual.<\/p>\n<p>Adem\u00e1s, la propuesta oficial incluir\u00eda un aumento salarial del 12,3% distribuido en tres tramos: marzo, julio y septiembre.<\/p>\n<p>&nbsp;<\/p>\n<p><strong>Protestas y nuevas medidas de fuerza<\/strong><\/p>\n<p>Ante este escenario, los gremios universitarios ratificaron un plan de lucha que comenzar\u00e1 con el paro nacional del 16 al 21 de marzo. Las organizaciones sindicales tambi\u00e9n adelantaron nuevas medidas para las semanas del 30 de marzo y del 27 de abril.<\/p>\n<p>El cronograma incluye adem\u00e1s una Marcha Federal Universitaria prevista para el 23 de abril y la instalaci\u00f3n de carpas de protesta en distintas capitales provinciales.<\/p>\n<p>Mientras tanto, el debate legislativo permanece paralizado. Las comisiones de Educaci\u00f3n tanto en el Senado como en la C\u00e1mara de Diputados todav\u00eda no se conformaron.<\/p>\n<p>&nbsp;<\/p>\n<p><strong>Expectativa por el di\u00e1logo con el Gobierno<\/strong><\/p>\n<p>Al analizar la relaci\u00f3n con el Ejecutivo, Alpa sostuvo que las autoridades universitarias mantienen canales de di\u00e1logo con funcionarios del \u00e1rea educativa, aunque aclar\u00f3 que el v\u00ednculo debe traducirse en decisiones concretas en materia presupuestaria.<\/p>\n<p>En ese sentido, explic\u00f3 que desde el sistema universitario existe disposici\u00f3n a continuar las conversaciones con el Gobierno. Sin embargo, insisti\u00f3 en que la soluci\u00f3n inmediata podr\u00eda comenzar con la reapertura de las negociaciones salariales.<\/p>\n<p>Tambi\u00e9n se\u00f1al\u00f3 que el objetivo central es garantizar el funcionamiento de la universidad p\u00fablica, aunque reconoci\u00f3 que las medidas de fuerza reflejan el malestar acumulado en el sector durante los \u00faltimos a\u00f1os.<\/p>\n<p>\u201cHay mucha decepci\u00f3n del docente y no docente, porque la ley de financiamiento se ve\u00eda como una posibilidad de recuperar el salario y eso no se ve\u201d, afirm\u00f3.<\/p>\n<p>&nbsp;<\/p>\n<p><strong>Debate interno en las universidades<\/strong><\/p>\n<p>El conflicto tambi\u00e9n ser\u00e1 analizado en el pr\u00f3ximo plenario de rectores del Consejo Interuniversitario Nacional, que se realizar\u00e1 el 27 de marzo en la provincia de La Pampa.<\/p>\n<p>Durante ese encuentro se renovar\u00e1n autoridades del organismo y se evaluar\u00e1 la situaci\u00f3n del sistema universitario. Alpa explic\u00f3 que el plenario servir\u00e1 para seguir discutiendo estrategias institucionales frente al conflicto, aunque aclar\u00f3 que muchas decisiones vinculadas a las protestas corresponden directamente a los gremios.<\/p>\n<p>En la reuni\u00f3n tambi\u00e9n participar\u00e1n representantes de la Federaci\u00f3n Universitaria Argentina (FUA) y delegados de las organizaciones sindicales, quienes analizar\u00e1n el impacto de las medidas de fuerza y la continuidad del reclamo.<\/p>\n","protected":false},"excerpt":{"rendered":"<p>El presidente del Consejo Interuniversitario Nacional advirti\u00f3 que la situaci\u00f3n salarial genera \u201cmucha decepci\u00f3n\u201d en docentes y no docentes. Universidades y gremios iniciaron el ciclo lectivo con paro &nbsp; &nbsp; El sistema universitario argentino inici\u00f3 el ciclo lectivo en medio de un clima de fuerte conflictividad. Docentes y trabajadores no docentes convocaron a un paro nacional del 16 al 21 de marzo, mientras las autoridades universitarias insisten en que la prioridad es que el Gobierno convoque a negociaciones paritarias para recomponer los salarios. La disputa se desarrolla en el marco&#8230;<\/p>\n","protected":false},"author":3,"featured_media":120772,"comment_status":"closed","ping_status":"closed","sticky":false,"template":"","format":"standard","meta":[],"categories":[2],"tags":[],"_links":{"self":[{"href":"https:\/\/www.actualidadadiario.com\/index.php\/wp-json\/wp\/v2\/posts\/135933"}],"collection":[{"href":"https:\/\/www.actualidadadiario.com\/index.php\/wp-json\/wp\/v2\/posts"}],"about":[{"href":"https:\/\/www.actualidadadiario.com\/index.php\/wp-json\/wp\/v2\/types\/post"}],"author":[{"embeddable":true,"href":"https:\/\/www.actualidadadiario.com\/index.php\/wp-json\/wp\/v2\/users\/3"}],"replies":[{"embeddable":true,"href":"https:\/\/www.actualidadadiario.com\/index.php\/wp-json\/wp\/v2\/comments?post=135933"}],"version-history":[{"count":1,"href":"https:\/\/www.actualidadadiario.com\/index.php\/wp-json\/wp\/v2\/posts\/135933\/revisions"}],"predecessor-version":[{"id":135934,"href":"https:\/\/www.actualidadadiario.com\/index.php\/wp-json\/wp\/v2\/posts\/135933\/revisions\/135934"}],"wp:featuredmedia":[{"embeddable":true,"href":"https:\/\/www.actualidadadiario.com\/index.php\/wp-json\/wp\/v2\/media\/120772"}],"wp:attachment":[{"href":"https:\/\/www.actualidadadiario.com\/index.php\/wp-json\/wp\/v2\/media?parent=135933"}],"wp:term":[{"taxonomy":"category","embeddable":true,"href":"https:\/\/www.actualidadadiario.com\/index.php\/wp-json\/wp\/v2\/categories?post=135933"},{"taxonomy":"post_tag","embeddable":true,"href":"https:\/\/www.actualidadadiario.com\/index.php\/wp-json\/wp\/v2\/tags?post=135933"}],"curies":[{"name":"wp","href":"https:\/\/api.w.org\/{rel}","templated":true}]}}