{"id":135894,"date":"2026-03-13T09:43:22","date_gmt":"2026-03-13T12:43:22","guid":{"rendered":"https:\/\/www.actualidadadiario.com\/?p=135894"},"modified":"2026-03-13T09:43:22","modified_gmt":"2026-03-13T12:43:22","slug":"encuesta-crece-la-desaprobacion-al-gobierno-de-milei","status":"publish","type":"post","link":"https:\/\/www.actualidadadiario.com\/index.php\/2026\/03\/13\/encuesta-crece-la-desaprobacion-al-gobierno-de-milei\/","title":{"rendered":"Encuesta: crece la desaprobaci\u00f3n al gobierno de Milei"},"content":{"rendered":"<p style=\"text-align: center;\"><em><strong>Dato que sacude a la Casa Rosada: una encuesta muestra fuerte rechazo al gobierno de Milei y un cambio en qui\u00e9n carga con la culpa de la crisis<\/strong><\/em><\/p>\n<p>&nbsp;<\/p>\n<p>&nbsp;<\/p>\n<p>Una encuesta nacional volvi\u00f3 a encender se\u00f1ales de alerta en la Casa Rosada. El relevamiento de la consultora Pulso Research muestra que una mayor\u00eda de los encuestados eval\u00faa negativamente la gesti\u00f3n del presidente Javier Milei y que, por primera vez, una mayor proporci\u00f3n de la ciudadan\u00eda lo responsabiliza directamente por la crisis econ\u00f3mica.<\/p>\n<p>El estudio se realiz\u00f3 de forma online entre 1.800 personas mayores de 16 a\u00f1os, con un margen de error de \u00b13,5%, y revela un escenario complejo para el Gobierno en materia de opini\u00f3n p\u00fablica.<\/p>\n<p>&nbsp;<\/p>\n<p><strong>La imagen del gobierno y la ca\u00edda en el apoyo<\/strong><\/p>\n<p>De acuerdo con el sondeo, el 54,8% de los consultados tiene una opini\u00f3n negativa de la gesti\u00f3n de Milei, mientras que el 37,2% expresa una valoraci\u00f3n positiva. Dentro de las evaluaciones negativas, el 40,2% calific\u00f3 al gobierno como \u201cmuy malo\u201d, lo que marca una distancia considerable respecto del respaldo que a\u00fan conserva el oficialismo.<\/p>\n<p>El relevamiento tambi\u00e9n detecta un retroceso en el apoyo al presidente. Seg\u00fan los datos de la consultora, desde septiembre de 2025 Milei perdi\u00f3 cerca de siete puntos porcentuales de respaldo, a pesar de que su espacio pol\u00edtico hab\u00eda logrado una victoria amplia en las elecciones legislativas de octubre de ese mismo a\u00f1o.<\/p>\n<p>&nbsp;<\/p>\n<p><strong>Por primera vez, m\u00e1s personas responsabilizan a Milei por la crisis<\/strong><\/p>\n<p>Uno de los datos que m\u00e1s se destaca en el informe es el cambio en la percepci\u00f3n sobre el origen de la crisis econ\u00f3mica. Por primera vez desde la llegada de Milei al poder, quienes atribuyen la situaci\u00f3n actual a las decisiones del Gobierno (46,9%) superan a quienes responsabilizan a la gesti\u00f3n anterior (41,6%).<\/p>\n<p>Este resultado representa un punto de inflexi\u00f3n respecto de los a\u00f1os 2024 y 2025, cuando la narrativa de la \u201cherencia recibida\u201d funcionaba como un argumento pol\u00edtico dominante en el debate p\u00fablico.<\/p>\n<p>&nbsp;<\/p>\n<p><strong>La explicaci\u00f3n de la consultora<\/strong><\/p>\n<p>El director de Pulso Research, Juan Adaro, sostuvo que la imagen p\u00fablica del presidente es \u201chist\u00f3ricamente el\u00e1stica\u201d y que las variaciones deben analizarse dentro del contexto pol\u00edtico y econ\u00f3mico.<\/p>\n<p>El consultor explic\u00f3 que la ca\u00edda en los indicadores responde a m\u00faltiples factores. Entre ellos mencion\u00f3 que la reforma laboral aprobada por el Congreso no logr\u00f3 instalarse comunicacionalmente como una medida pro-empleo, lo que permiti\u00f3 que la oposici\u00f3n marcara la agenda del debate.<\/p>\n<p>A esto se suma que la mejora de los indicadores macroecon\u00f3micos todav\u00eda no se refleja en la vida cotidiana, algo que, seg\u00fan Adaro, empieza a generar desilusi\u00f3n entre quienes esperaban resultados m\u00e1s r\u00e1pidos.<\/p>\n<p>&nbsp;<\/p>\n<p><strong>La percepci\u00f3n sobre el rumbo del gobierno<\/strong><\/p>\n<p>El estudio tambi\u00e9n indag\u00f3 sobre la evaluaci\u00f3n del rumbo pol\u00edtico y econ\u00f3mico del Gobierno. Seg\u00fan los resultados, el 52,7% considera que el pa\u00eds va por el camino incorrecto, mientras que el 33% cree que el rumbo es el adecuado.<\/p>\n<p>Para el analista, la etapa posterior a las elecciones legislativas gener\u00f3 una \u201cluna de miel\u201d pol\u00edtica que, sin embargo, tuvo una duraci\u00f3n limitada.<\/p>\n<p>&nbsp;<\/p>\n<p><strong>La reforma laboral y el impacto en la opini\u00f3n p\u00fablica<\/strong><\/p>\n<p>Otro de los ejes analizados en el relevamiento fue la percepci\u00f3n sobre la reforma laboral aprobada en sesiones extraordinarias.<\/p>\n<p>El 44,6% de los encuestados se manifest\u00f3 en desacuerdo con la iniciativa, frente a un 35,1% que expres\u00f3 su apoyo.<\/p>\n<p>Adem\u00e1s, la reforma es percibida mayoritariamente como favorable para las empresas.<\/p>\n<ul>\n<li>53,6% cree que beneficiar\u00e1 principalmente a los empleadores<\/li>\n<li>66,2% considera que perjudicar\u00e1 a los trabajadores<\/li>\n<\/ul>\n<p>En cuanto a las expectativas econ\u00f3micas vinculadas a la medida, el 56,5% cree que podr\u00eda generar menos empleo, mientras que solo el 26,8% espera que aumente la creaci\u00f3n de puestos de trabajo.<\/p>\n<p>Tambi\u00e9n predominan las previsiones negativas sobre la actividad econ\u00f3mica: el 56% estima que la reforma podr\u00eda derivar en recesi\u00f3n, contra un 26,9% que anticipa crecimiento.<\/p>\n<p>&nbsp;<\/p>\n<p><strong>Ajuste econ\u00f3mico y malestar social<\/strong><\/p>\n<p>El estudio tambi\u00e9n relev\u00f3 opiniones sobre las pol\u00edticas de ajuste impulsadas por el Gobierno.<\/p>\n<p>Seg\u00fan los resultados, el 47,2% cree que el Ejecutivo \u201cno est\u00e1 ajustando donde corresponde\u201d, mientras que el 30,5% considera que algunas medidas son correctas y otras no.<\/p>\n<p>En ese contexto, el 29,6% identifica a los trabajadores como el sector m\u00e1s afectado por las pol\u00edticas de recorte.<\/p>\n<p>Para Adaro, los datos sugieren que el margen de tolerancia social que tuvo el Gobierno durante el inicio de su gesti\u00f3n podr\u00eda estar reduci\u00e9ndose.<\/p>\n<p>&nbsp;<\/p>\n<p><strong>La oposici\u00f3n y la falta de liderazgo claro<\/strong><\/p>\n<p>A pesar de la ca\u00edda en algunos indicadores del oficialismo, el informe tambi\u00e9n detecta dificultades en el campo opositor.<\/p>\n<p>Seg\u00fan el relevamiento, el 48,5% de los encuestados no identifica un liderazgo opositor claro: 26,8% respondi\u00f3 \u201cno sabe\u201d y 21,7% dijo directamente \u201cnadie\u201d.<\/p>\n<p>Entre quienes s\u00ed mencionaron a un referente pol\u00edtico, Axel Kicillof aparece primero con el 16,4%, seguido por Cristina Fern\u00e1ndez de Kirchner con el 14,6%.<\/p>\n<p>Sin embargo, ambos dirigentes tambi\u00e9n registran niveles altos de rechazo: Kicillof: 46,5% de imagen negativa y 41,3% positiva, Cristina Kirchner: 53,2% negativa y 42,9% positiva.<\/p>\n<p>Seg\u00fan el director de la consultora, la ventaja del oficialismo es hoy \u201cpasiva\u201d y podr\u00eda modificarse a medida que se acerque el escenario electoral de 2027.<\/p>\n","protected":false},"excerpt":{"rendered":"<p>Dato que sacude a la Casa Rosada: una encuesta muestra fuerte rechazo al gobierno de Milei y un cambio en qui\u00e9n carga con la culpa de la crisis &nbsp; &nbsp; Una encuesta nacional volvi\u00f3 a encender se\u00f1ales de alerta en la Casa Rosada. El relevamiento de la consultora Pulso Research muestra que una mayor\u00eda de los encuestados eval\u00faa negativamente la gesti\u00f3n del presidente Javier Milei y que, por primera vez, una mayor proporci\u00f3n de la ciudadan\u00eda lo responsabiliza directamente por la crisis econ\u00f3mica. El estudio se realiz\u00f3 de forma online&#8230;<\/p>\n","protected":false},"author":3,"featured_media":125191,"comment_status":"closed","ping_status":"closed","sticky":false,"template":"","format":"standard","meta":[],"categories":[9],"tags":[],"_links":{"self":[{"href":"https:\/\/www.actualidadadiario.com\/index.php\/wp-json\/wp\/v2\/posts\/135894"}],"collection":[{"href":"https:\/\/www.actualidadadiario.com\/index.php\/wp-json\/wp\/v2\/posts"}],"about":[{"href":"https:\/\/www.actualidadadiario.com\/index.php\/wp-json\/wp\/v2\/types\/post"}],"author":[{"embeddable":true,"href":"https:\/\/www.actualidadadiario.com\/index.php\/wp-json\/wp\/v2\/users\/3"}],"replies":[{"embeddable":true,"href":"https:\/\/www.actualidadadiario.com\/index.php\/wp-json\/wp\/v2\/comments?post=135894"}],"version-history":[{"count":1,"href":"https:\/\/www.actualidadadiario.com\/index.php\/wp-json\/wp\/v2\/posts\/135894\/revisions"}],"predecessor-version":[{"id":135895,"href":"https:\/\/www.actualidadadiario.com\/index.php\/wp-json\/wp\/v2\/posts\/135894\/revisions\/135895"}],"wp:featuredmedia":[{"embeddable":true,"href":"https:\/\/www.actualidadadiario.com\/index.php\/wp-json\/wp\/v2\/media\/125191"}],"wp:attachment":[{"href":"https:\/\/www.actualidadadiario.com\/index.php\/wp-json\/wp\/v2\/media?parent=135894"}],"wp:term":[{"taxonomy":"category","embeddable":true,"href":"https:\/\/www.actualidadadiario.com\/index.php\/wp-json\/wp\/v2\/categories?post=135894"},{"taxonomy":"post_tag","embeddable":true,"href":"https:\/\/www.actualidadadiario.com\/index.php\/wp-json\/wp\/v2\/tags?post=135894"}],"curies":[{"name":"wp","href":"https:\/\/api.w.org\/{rel}","templated":true}]}}