{"id":135892,"date":"2026-03-13T09:24:40","date_gmt":"2026-03-13T12:24:40","guid":{"rendered":"https:\/\/www.actualidadadiario.com\/?p=135892"},"modified":"2026-03-13T09:24:40","modified_gmt":"2026-03-13T12:24:40","slug":"subiran-las-temperaturas-y-pronto-llegaria-un-frente-de-tormentas","status":"publish","type":"post","link":"https:\/\/www.actualidadadiario.com\/index.php\/2026\/03\/13\/subiran-las-temperaturas-y-pronto-llegaria-un-frente-de-tormentas\/","title":{"rendered":"Subir\u00e1n las temperaturas y pronto llegar\u00eda un frente de tormentas"},"content":{"rendered":"<p style=\"text-align: center;\"><em><strong>Se aguarda un fin de semana con nubosidad variable en la provincia. La semana pr\u00f3xima comenzar\u00e1 con m\u00e1ximas de 34\u00b0C y luego llegar\u00eda un frente inestable<\/strong><\/em><\/p>\n<p>&nbsp;<\/p>\n<p>&nbsp;<\/p>\n<p>El Servicio Meteorol\u00f3gico Nacional -SMN- inform\u00f3 que este viernes 13 de marzo se presenta con buen tiempo en Entre R\u00edos. La jornada estar\u00e1 con cielo parcialmente nublado, con temperatura m\u00ednima de 17 grados y m\u00e1ximas de hasta 30 grados.<\/p>\n<p>Para el fin de semana se espera buen tiempo, aunque la nubosidad ser\u00e1 variable. La nubosidad aumentar\u00e1 el s\u00e1bado a la tarde y en algunas zonas puede haber algunas precipitaciones aisladas, pr\u00e1cticamente insignificantes.<\/p>\n<p>Para el domingo tambi\u00e9n se espera buen tiempo, con menor nubosidad. Se prev\u00e9n para ese d\u00eda hasta 31 grados de m\u00e1xima, con t\u00e9rmicas en ascenso dos d\u00edas m\u00e1s.<\/p>\n<p>El lunes ser\u00e1 el d\u00eda m\u00e1s caluroso. El SMN anticipa hasta 34 grados y se anuncia mayor presencia de nubes debido a la llegada de un sistema frontal. El martes a la tarde noche podr\u00edan producirse las inestabilidades, con lluvias y tormentas que provocar\u00e1n descenso t\u00e9rmico.<\/p>\n","protected":false},"excerpt":{"rendered":"<p>Se aguarda un fin de semana con nubosidad variable en la provincia. La semana pr\u00f3xima comenzar\u00e1 con m\u00e1ximas de 34\u00b0C y luego llegar\u00eda un frente inestable &nbsp; &nbsp; El Servicio Meteorol\u00f3gico Nacional -SMN- inform\u00f3 que este viernes 13 de marzo se presenta con buen tiempo en Entre R\u00edos. La jornada estar\u00e1 con cielo parcialmente nublado, con temperatura m\u00ednima de 17 grados y m\u00e1ximas de hasta 30 grados. Para el fin de semana se espera buen tiempo, aunque la nubosidad ser\u00e1 variable. La nubosidad aumentar\u00e1 el s\u00e1bado a la tarde y&#8230;<\/p>\n","protected":false},"author":3,"featured_media":109514,"comment_status":"closed","ping_status":"closed","sticky":false,"template":"","format":"standard","meta":[],"categories":[15],"tags":[],"_links":{"self":[{"href":"https:\/\/www.actualidadadiario.com\/index.php\/wp-json\/wp\/v2\/posts\/135892"}],"collection":[{"href":"https:\/\/www.actualidadadiario.com\/index.php\/wp-json\/wp\/v2\/posts"}],"about":[{"href":"https:\/\/www.actualidadadiario.com\/index.php\/wp-json\/wp\/v2\/types\/post"}],"author":[{"embeddable":true,"href":"https:\/\/www.actualidadadiario.com\/index.php\/wp-json\/wp\/v2\/users\/3"}],"replies":[{"embeddable":true,"href":"https:\/\/www.actualidadadiario.com\/index.php\/wp-json\/wp\/v2\/comments?post=135892"}],"version-history":[{"count":1,"href":"https:\/\/www.actualidadadiario.com\/index.php\/wp-json\/wp\/v2\/posts\/135892\/revisions"}],"predecessor-version":[{"id":135893,"href":"https:\/\/www.actualidadadiario.com\/index.php\/wp-json\/wp\/v2\/posts\/135892\/revisions\/135893"}],"wp:featuredmedia":[{"embeddable":true,"href":"https:\/\/www.actualidadadiario.com\/index.php\/wp-json\/wp\/v2\/media\/109514"}],"wp:attachment":[{"href":"https:\/\/www.actualidadadiario.com\/index.php\/wp-json\/wp\/v2\/media?parent=135892"}],"wp:term":[{"taxonomy":"category","embeddable":true,"href":"https:\/\/www.actualidadadiario.com\/index.php\/wp-json\/wp\/v2\/categories?post=135892"},{"taxonomy":"post_tag","embeddable":true,"href":"https:\/\/www.actualidadadiario.com\/index.php\/wp-json\/wp\/v2\/tags?post=135892"}],"curies":[{"name":"wp","href":"https:\/\/api.w.org\/{rel}","templated":true}]}}