{"id":135889,"date":"2026-03-13T09:24:03","date_gmt":"2026-03-13T12:24:03","guid":{"rendered":"https:\/\/www.actualidadadiario.com\/?p=135889"},"modified":"2026-03-13T09:24:03","modified_gmt":"2026-03-13T12:24:03","slug":"no-docentes-de-uner-se-suman-a-la-semana-de-paro","status":"publish","type":"post","link":"https:\/\/www.actualidadadiario.com\/index.php\/2026\/03\/13\/no-docentes-de-uner-se-suman-a-la-semana-de-paro\/","title":{"rendered":"No docentes de UNER se suman a la semana de paro"},"content":{"rendered":"<p style=\"text-align: center;\"><em><strong>Apuner resolvi\u00f3 \u201cadherir y acompa\u00f1ar\u201d el paro del lunes 16 al viernes 20 de marzo convocado por los gremios docentes de UNER. Tambi\u00e9n definieron otras cuatro jornadas de paro sin asistencia a los lugares de trabajo, para los d\u00edas martes 31 de este mes y mi\u00e9rcoles 8, viernes 17 y jueves 23 de abril. La Universidad permanecer\u00e1 cerrada en esas fechas<\/strong><\/em><\/p>\n<p>&nbsp;<\/p>\n<p>&nbsp;<\/p>\n<p>La Asociaci\u00f3n del Personal de la Universidad Nacional de Entre R\u00edos (Apuner) fundamenta la medida en \u201cel incumplimiento sostenido de la Ley de Financiamiento Universitario por parte del Gobierno Nacional\u201d, por lo cual el sector no docente de Apuner reafirma su \u201ccompromiso con la defensa irrestricta de dicha ley, la exigencia de cumplimiento inmediato del fallo judicial y la recomposici\u00f3n salarial integral de toda la comunidad universitaria en el marco de las paritarias nacionales\u201d.<\/p>\n<p>En este contexto, la Comisi\u00f3n Directiva de Apuner decidi\u00f3 acatar el paro de 24 horas sin asistencia a los lugares de trabajo convocado por Fatun para los d\u00edas 16 y 31 de marzo y 8, 17 y 23 de abril. A la vez, y adherir y acompa\u00f1ar el paro sin asistencia a los lugares de trabajo del 16 al 20 de marzo convocado por los gremios docentes de la UNER, acompa\u00f1ando las actividades de visibilizaci\u00f3n que se lleven adelante.<\/p>\n<p>\u201cLa Ley de financiamiento universitario se cumple. El fallo se acata. La recomposici\u00f3n salarial es obligatoria. Sin salarios dignos, no hay universidad de calidad\u201d, subray\u00f3 Apuner.<\/p>\n","protected":false},"excerpt":{"rendered":"<p>Apuner resolvi\u00f3 \u201cadherir y acompa\u00f1ar\u201d el paro del lunes 16 al viernes 20 de marzo convocado por los gremios docentes de UNER. Tambi\u00e9n definieron otras cuatro jornadas de paro sin asistencia a los lugares de trabajo, para los d\u00edas martes 31 de este mes y mi\u00e9rcoles 8, viernes 17 y jueves 23 de abril. La Universidad permanecer\u00e1 cerrada en esas fechas &nbsp; &nbsp; La Asociaci\u00f3n del Personal de la Universidad Nacional de Entre R\u00edos (Apuner) fundamenta la medida en \u201cel incumplimiento sostenido de la Ley de Financiamiento Universitario por parte&#8230;<\/p>\n","protected":false},"author":3,"featured_media":135890,"comment_status":"closed","ping_status":"closed","sticky":false,"template":"","format":"standard","meta":[],"categories":[15],"tags":[],"_links":{"self":[{"href":"https:\/\/www.actualidadadiario.com\/index.php\/wp-json\/wp\/v2\/posts\/135889"}],"collection":[{"href":"https:\/\/www.actualidadadiario.com\/index.php\/wp-json\/wp\/v2\/posts"}],"about":[{"href":"https:\/\/www.actualidadadiario.com\/index.php\/wp-json\/wp\/v2\/types\/post"}],"author":[{"embeddable":true,"href":"https:\/\/www.actualidadadiario.com\/index.php\/wp-json\/wp\/v2\/users\/3"}],"replies":[{"embeddable":true,"href":"https:\/\/www.actualidadadiario.com\/index.php\/wp-json\/wp\/v2\/comments?post=135889"}],"version-history":[{"count":1,"href":"https:\/\/www.actualidadadiario.com\/index.php\/wp-json\/wp\/v2\/posts\/135889\/revisions"}],"predecessor-version":[{"id":135891,"href":"https:\/\/www.actualidadadiario.com\/index.php\/wp-json\/wp\/v2\/posts\/135889\/revisions\/135891"}],"wp:featuredmedia":[{"embeddable":true,"href":"https:\/\/www.actualidadadiario.com\/index.php\/wp-json\/wp\/v2\/media\/135890"}],"wp:attachment":[{"href":"https:\/\/www.actualidadadiario.com\/index.php\/wp-json\/wp\/v2\/media?parent=135889"}],"wp:term":[{"taxonomy":"category","embeddable":true,"href":"https:\/\/www.actualidadadiario.com\/index.php\/wp-json\/wp\/v2\/categories?post=135889"},{"taxonomy":"post_tag","embeddable":true,"href":"https:\/\/www.actualidadadiario.com\/index.php\/wp-json\/wp\/v2\/tags?post=135889"}],"curies":[{"name":"wp","href":"https:\/\/api.w.org\/{rel}","templated":true}]}}