{"id":135887,"date":"2026-03-13T09:22:52","date_gmt":"2026-03-13T12:22:52","guid":{"rendered":"https:\/\/www.actualidadadiario.com\/?p=135887"},"modified":"2026-03-13T09:22:52","modified_gmt":"2026-03-13T12:22:52","slug":"agmer-reune-a-su-plenario-para-analizar-la-situacion-salarial-docente","status":"publish","type":"post","link":"https:\/\/www.actualidadadiario.com\/index.php\/2026\/03\/13\/agmer-reune-a-su-plenario-para-analizar-la-situacion-salarial-docente\/","title":{"rendered":"AGMER re\u00fane a su plenario para analizar la situaci\u00f3n salarial docente"},"content":{"rendered":"<p style=\"text-align: center;\"><em><strong>Este viernes se re\u00fane el plenario de Agmer para analizar la situaci\u00f3n salarial docente. El encuentro se realiza en Concepci\u00f3n del Uruguay<\/strong><\/em><\/p>\n<p>&nbsp;<\/p>\n<p>&nbsp;<\/p>\n<p>La Asociaci\u00f3n Gremial del Magisterio de Entre R\u00edos realiza este viernes un plenario para analizar el escenario salarial y definir los pr\u00f3ximos pasos. El encuentro ser\u00e1 desde las 9 en la Seccional Uruguay de Agmer.<\/p>\n<p>Vale recordar que en el inicio del ciclo lectivo, el gremio docente llev\u00f3 adelante dos jornadas de paro en rechazo a la propuesta salarial presentada por el Gobierno provincial. La decisi\u00f3n fue tomada luego de que el Congreso del sindicato considerara insuficiente la oferta oficial.<\/p>\n<p>Posteriormente, el Gobierno provincial inform\u00f3 que pese al rechazo formal, liquidar\u00e1 igualmente el aumento ofrecido, el cual ser\u00e1 abonado por planilla complementaria.<\/p>\n<p>La \u00faltima reuni\u00f3n formal entre el sindicato y el Gobierno tuvo lugar el 2 de marzo, d\u00eda en el que el Gobierno mejor\u00f3 la oferta que hab\u00eda presentado en el primer encuentro paritario del 23 de febrero. Ese 2 de marzo, que coincidi\u00f3 con el inicio del ciclo lectivo y con la realizaci\u00f3n del congreso de Agmer, el gremio volvi\u00f3 a rechazar la propuesta salarial del Ejecutivo.<\/p>\n<p>Desde entonces no hubo nuevas instancias formales de di\u00e1logo entre el Ejecutivo y el gremio mayoritario de la docencia entrerriana.<\/p>\n<p>En este contexto, el plenario convocado por Agmer para este viernes, buscar\u00e1 analizar la situaci\u00f3n actual del conflicto y evaluar posibles definiciones gremiales, indica APF.<\/p>\n","protected":false},"excerpt":{"rendered":"<p>Este viernes se re\u00fane el plenario de Agmer para analizar la situaci\u00f3n salarial docente. El encuentro se realiza en Concepci\u00f3n del Uruguay &nbsp; &nbsp; La Asociaci\u00f3n Gremial del Magisterio de Entre R\u00edos realiza este viernes un plenario para analizar el escenario salarial y definir los pr\u00f3ximos pasos. El encuentro ser\u00e1 desde las 9 en la Seccional Uruguay de Agmer. Vale recordar que en el inicio del ciclo lectivo, el gremio docente llev\u00f3 adelante dos jornadas de paro en rechazo a la propuesta salarial presentada por el Gobierno provincial. La decisi\u00f3n&#8230;<\/p>\n","protected":false},"author":3,"featured_media":107277,"comment_status":"closed","ping_status":"closed","sticky":false,"template":"","format":"standard","meta":[],"categories":[15],"tags":[],"_links":{"self":[{"href":"https:\/\/www.actualidadadiario.com\/index.php\/wp-json\/wp\/v2\/posts\/135887"}],"collection":[{"href":"https:\/\/www.actualidadadiario.com\/index.php\/wp-json\/wp\/v2\/posts"}],"about":[{"href":"https:\/\/www.actualidadadiario.com\/index.php\/wp-json\/wp\/v2\/types\/post"}],"author":[{"embeddable":true,"href":"https:\/\/www.actualidadadiario.com\/index.php\/wp-json\/wp\/v2\/users\/3"}],"replies":[{"embeddable":true,"href":"https:\/\/www.actualidadadiario.com\/index.php\/wp-json\/wp\/v2\/comments?post=135887"}],"version-history":[{"count":1,"href":"https:\/\/www.actualidadadiario.com\/index.php\/wp-json\/wp\/v2\/posts\/135887\/revisions"}],"predecessor-version":[{"id":135888,"href":"https:\/\/www.actualidadadiario.com\/index.php\/wp-json\/wp\/v2\/posts\/135887\/revisions\/135888"}],"wp:featuredmedia":[{"embeddable":true,"href":"https:\/\/www.actualidadadiario.com\/index.php\/wp-json\/wp\/v2\/media\/107277"}],"wp:attachment":[{"href":"https:\/\/www.actualidadadiario.com\/index.php\/wp-json\/wp\/v2\/media?parent=135887"}],"wp:term":[{"taxonomy":"category","embeddable":true,"href":"https:\/\/www.actualidadadiario.com\/index.php\/wp-json\/wp\/v2\/categories?post=135887"},{"taxonomy":"post_tag","embeddable":true,"href":"https:\/\/www.actualidadadiario.com\/index.php\/wp-json\/wp\/v2\/tags?post=135887"}],"curies":[{"name":"wp","href":"https:\/\/api.w.org\/{rel}","templated":true}]}}