{"id":135882,"date":"2026-03-13T09:19:02","date_gmt":"2026-03-13T12:19:02","guid":{"rendered":"https:\/\/www.actualidadadiario.com\/?p=135882"},"modified":"2026-03-13T09:19:02","modified_gmt":"2026-03-13T12:19:02","slug":"ater-postergo-el-primer-vencimiento-del-impuesto-automotor-para-abril","status":"publish","type":"post","link":"https:\/\/www.actualidadadiario.com\/index.php\/2026\/03\/13\/ater-postergo-el-primer-vencimiento-del-impuesto-automotor-para-abril\/","title":{"rendered":"ATER posterg\u00f3 el primer vencimiento del Impuesto Automotor para abril"},"content":{"rendered":"<p style=\"text-align: center;\"><em><strong>El organismo provincial extendi\u00f3 el plazo de vencimiento para la primera cuota y el pago \u00fanico del Impuesto Automotor 2026 &#8220;por razones t\u00e9cnicas&#8221;<\/strong><\/em><\/p>\n<p>&nbsp;<\/p>\n<p>&nbsp;<\/p>\n<p>La Administradora Tributaria de Entre R\u00edos (ATER) oficializ\u00f3 la pr\u00f3rroga de los vencimientos correspondientes al Impuesto a los Automotores para el per\u00edodo fiscal 2026. La medida, plasmada en la Resoluci\u00f3n N\u00ba 074\/26 del organismo, afecta tanto a la opci\u00f3n de Pago \u00danico como a la Cuota 1\u00ba del tributo.<\/p>\n<p>Originalmente, el calendario impositivo preve\u00eda que estas obligaciones operaran los d\u00edas 16 y 17 de marzo. Sin embargo, el organismo provincial conducido por Jes\u00fas Rafael Korell decidi\u00f3 extender los plazos hacia la segunda semana de abril.<\/p>\n<p>&nbsp;<\/p>\n<p><strong>Razones<\/strong><\/p>\n<p>Seg\u00fan los considerandos de la norma, la decisi\u00f3n se fundamenta en \u201crazones de \u00edndole t\u00e9cnico operativas y de organizaci\u00f3n\u201d que hacen pertinente el corrimiento de las fechas originales.<\/p>\n<p>&nbsp;<\/p>\n<p><strong>Nuevo cronograma<\/strong><\/p>\n<p>Con esta modificaci\u00f3n, el esquema de vencimientos para el Pago \u00danico y la Cuota 1\u00ba qued\u00f3 definido de la siguiente manera, seg\u00fan el d\u00edgito verificador del dominio:<\/p>\n<ul>\n<li>D\u00edgitos 0, 1, 2, 3 y 4: Vence el mi\u00e9rcoles 8 de abril de 2026.<\/li>\n<li>D\u00edgitos 5, 6, 7, 8 y 9: Vence el jueves 9 de abril de 2026.<\/li>\n<\/ul>\n<p>La resoluci\u00f3n aclara que esta extensi\u00f3n se enmarca en las facultades conferidas por el C\u00f3digo Fiscal y la Ley N\u00ba 10.091, contando con el aval de la Direcci\u00f3n de Asuntos Jur\u00eddicos del ente recaudador.<\/p>\n","protected":false},"excerpt":{"rendered":"<p>El organismo provincial extendi\u00f3 el plazo de vencimiento para la primera cuota y el pago \u00fanico del Impuesto Automotor 2026 &#8220;por razones t\u00e9cnicas&#8221; &nbsp; &nbsp; La Administradora Tributaria de Entre R\u00edos (ATER) oficializ\u00f3 la pr\u00f3rroga de los vencimientos correspondientes al Impuesto a los Automotores para el per\u00edodo fiscal 2026. La medida, plasmada en la Resoluci\u00f3n N\u00ba 074\/26 del organismo, afecta tanto a la opci\u00f3n de Pago \u00danico como a la Cuota 1\u00ba del tributo. Originalmente, el calendario impositivo preve\u00eda que estas obligaciones operaran los d\u00edas 16 y 17 de marzo&#8230;.<\/p>\n","protected":false},"author":3,"featured_media":81062,"comment_status":"closed","ping_status":"closed","sticky":false,"template":"","format":"standard","meta":[],"categories":[15],"tags":[],"_links":{"self":[{"href":"https:\/\/www.actualidadadiario.com\/index.php\/wp-json\/wp\/v2\/posts\/135882"}],"collection":[{"href":"https:\/\/www.actualidadadiario.com\/index.php\/wp-json\/wp\/v2\/posts"}],"about":[{"href":"https:\/\/www.actualidadadiario.com\/index.php\/wp-json\/wp\/v2\/types\/post"}],"author":[{"embeddable":true,"href":"https:\/\/www.actualidadadiario.com\/index.php\/wp-json\/wp\/v2\/users\/3"}],"replies":[{"embeddable":true,"href":"https:\/\/www.actualidadadiario.com\/index.php\/wp-json\/wp\/v2\/comments?post=135882"}],"version-history":[{"count":1,"href":"https:\/\/www.actualidadadiario.com\/index.php\/wp-json\/wp\/v2\/posts\/135882\/revisions"}],"predecessor-version":[{"id":135883,"href":"https:\/\/www.actualidadadiario.com\/index.php\/wp-json\/wp\/v2\/posts\/135882\/revisions\/135883"}],"wp:featuredmedia":[{"embeddable":true,"href":"https:\/\/www.actualidadadiario.com\/index.php\/wp-json\/wp\/v2\/media\/81062"}],"wp:attachment":[{"href":"https:\/\/www.actualidadadiario.com\/index.php\/wp-json\/wp\/v2\/media?parent=135882"}],"wp:term":[{"taxonomy":"category","embeddable":true,"href":"https:\/\/www.actualidadadiario.com\/index.php\/wp-json\/wp\/v2\/categories?post=135882"},{"taxonomy":"post_tag","embeddable":true,"href":"https:\/\/www.actualidadadiario.com\/index.php\/wp-json\/wp\/v2\/tags?post=135882"}],"curies":[{"name":"wp","href":"https:\/\/api.w.org\/{rel}","templated":true}]}}