{"id":135879,"date":"2026-03-13T09:18:19","date_gmt":"2026-03-13T12:18:19","guid":{"rendered":"https:\/\/www.actualidadadiario.com\/?p=135879"},"modified":"2026-03-13T09:18:19","modified_gmt":"2026-03-13T12:18:19","slug":"buscan-una-familia-para-tres-hermanos-que-esperan-ser-adoptados-juntos","status":"publish","type":"post","link":"https:\/\/www.actualidadadiario.com\/index.php\/2026\/03\/13\/buscan-una-familia-para-tres-hermanos-que-esperan-ser-adoptados-juntos\/","title":{"rendered":"Buscan una familia para tres hermanos que esperan ser adoptados juntos"},"content":{"rendered":"<p style=\"text-align: center;\"><em><strong>El Registro \u00danico de Aspirantes a Guarda con Fines Adoptivos de Entre R\u00edos lanz\u00f3 una convocatoria para encontrar una familia para tres hermanos de 12, 14 y 16 a\u00f1os. El objetivo es que puedan crecer juntos en un entorno familiar<\/strong><\/em><\/p>\n<p>&nbsp;<\/p>\n<p>&nbsp;<\/p>\n<p>El Registro \u00danico de Aspirantes a Guarda con Fines Adoptivos de Entre R\u00edos (RUAER) lanz\u00f3 una convocatoria p\u00fablica para encontrar una familia que pueda adoptar a tres hermanos que desean crecer juntos.<\/p>\n<p>Se trata de dos adolescentes de 12 y 16 a\u00f1os y un var\u00f3n de 14, quienes se encuentran institucionalizados desde hace tres a\u00f1os.<\/p>\n<p>El llamado est\u00e1 dirigido exclusivamente a personas adultas que residan en la provincia de Entre R\u00edos.<\/p>\n<p>&nbsp;<\/p>\n<p><strong>Necesitan acompa\u00f1amiento y apoyo<\/strong><\/p>\n<p>Los tres hermanos presentan discapacidad intelectual, por lo que requieren acompa\u00f1amiento y compromiso por parte de la familia que los reciba.<\/p>\n<p>Desde el RUAER explicaron que necesitan continuar con distintos tratamientos y apoyos. Entre ellos se incluyen acompa\u00f1amiento escolar, tratamiento psicol\u00f3gico y seguimiento psiqui\u00e1trico.<\/p>\n<p>Las autoridades remarcaron que el objetivo es garantizar que puedan desarrollarse en un ambiente familiar estable.<\/p>\n<p>&nbsp;<\/p>\n<p><strong>Autonom\u00eda en la vida cotidiana, sus intereses y actividades<\/strong><\/p>\n<p>Los tres adolescentes son aut\u00f3nomos en varias actividades de la vida diaria. Pueden desenvolverse en tareas como higiene personal, vestimenta y alimentaci\u00f3n.<\/p>\n<p>Sin embargo, requieren acompa\u00f1amiento de un adulto en algunas situaciones cotidianas. Entre ellas se encuentran el manejo del dinero, los traslados en lugares desconocidos o la resoluci\u00f3n de determinadas situaciones diarias.<\/p>\n<p>La adolescente de 16 a\u00f1os se encuentra adaptada a la vida en residencia. Disfruta realizar manualidades y suele dedicarse a crear distintos objetos con sus manos.<\/p>\n<p>La ni\u00f1a de 12 a\u00f1os practica gimnasia art\u00edstica y b\u00e1squet, actividades que realiza con entusiasmo. Adem\u00e1s, comparte juegos y momentos de recreaci\u00f3n con sus pares.<\/p>\n<p>Ambas hermanas participan de talleres de cocina, huerta, ajedrez y expresi\u00f3n corporal. Tambi\u00e9n se suman a otras actividades recreativas cuando se presentan nuevas propuestas.<\/p>\n<p>En tanto, el adolescente de 14 a\u00f1os disfruta pasar tiempo con adultos. Es curioso y suele interesarse por investigar c\u00f3mo funcionan distintos objetos. Tambi\u00e9n le gusta el campo, escuchar m\u00fasica y andar en bicicleta.<\/p>\n<p>&nbsp;<\/p>\n<p><strong>C\u00f3mo participar de la convocatoria<\/strong><\/p>\n<p>Las personas interesadas en brindarles una familia pueden inscribirse en la convocatoria p\u00fablica abierta por el RUAER. Para ello deben completar este formulario disponible hasta el viernes 20 de marzo.<\/p>\n<p>Por consultas, comunicarse por whatsapp al 343 5 329475, por correo electr\u00f3nico a ruaer@jusentrerios.gov.ar o a los tel\u00e9fonos (0343) 4209575\/576.<\/p>\n<p>El objetivo de la convocatoria es garantizar el derecho de los tres hermanos a crecer juntos dentro de un entorno familiar.<\/p>\n","protected":false},"excerpt":{"rendered":"<p>El Registro \u00danico de Aspirantes a Guarda con Fines Adoptivos de Entre R\u00edos lanz\u00f3 una convocatoria para encontrar una familia para tres hermanos de 12, 14 y 16 a\u00f1os. El objetivo es que puedan crecer juntos en un entorno familiar &nbsp; &nbsp; El Registro \u00danico de Aspirantes a Guarda con Fines Adoptivos de Entre R\u00edos (RUAER) lanz\u00f3 una convocatoria p\u00fablica para encontrar una familia que pueda adoptar a tres hermanos que desean crecer juntos. Se trata de dos adolescentes de 12 y 16 a\u00f1os y un var\u00f3n de 14, quienes&#8230;<\/p>\n","protected":false},"author":3,"featured_media":135880,"comment_status":"closed","ping_status":"closed","sticky":false,"template":"","format":"standard","meta":[],"categories":[15],"tags":[],"_links":{"self":[{"href":"https:\/\/www.actualidadadiario.com\/index.php\/wp-json\/wp\/v2\/posts\/135879"}],"collection":[{"href":"https:\/\/www.actualidadadiario.com\/index.php\/wp-json\/wp\/v2\/posts"}],"about":[{"href":"https:\/\/www.actualidadadiario.com\/index.php\/wp-json\/wp\/v2\/types\/post"}],"author":[{"embeddable":true,"href":"https:\/\/www.actualidadadiario.com\/index.php\/wp-json\/wp\/v2\/users\/3"}],"replies":[{"embeddable":true,"href":"https:\/\/www.actualidadadiario.com\/index.php\/wp-json\/wp\/v2\/comments?post=135879"}],"version-history":[{"count":1,"href":"https:\/\/www.actualidadadiario.com\/index.php\/wp-json\/wp\/v2\/posts\/135879\/revisions"}],"predecessor-version":[{"id":135881,"href":"https:\/\/www.actualidadadiario.com\/index.php\/wp-json\/wp\/v2\/posts\/135879\/revisions\/135881"}],"wp:featuredmedia":[{"embeddable":true,"href":"https:\/\/www.actualidadadiario.com\/index.php\/wp-json\/wp\/v2\/media\/135880"}],"wp:attachment":[{"href":"https:\/\/www.actualidadadiario.com\/index.php\/wp-json\/wp\/v2\/media?parent=135879"}],"wp:term":[{"taxonomy":"category","embeddable":true,"href":"https:\/\/www.actualidadadiario.com\/index.php\/wp-json\/wp\/v2\/categories?post=135879"},{"taxonomy":"post_tag","embeddable":true,"href":"https:\/\/www.actualidadadiario.com\/index.php\/wp-json\/wp\/v2\/tags?post=135879"}],"curies":[{"name":"wp","href":"https:\/\/api.w.org\/{rel}","templated":true}]}}