{"id":135869,"date":"2026-03-12T10:16:06","date_gmt":"2026-03-12T13:16:06","guid":{"rendered":"https:\/\/www.actualidadadiario.com\/?p=135869"},"modified":"2026-03-12T10:16:06","modified_gmt":"2026-03-12T13:16:06","slug":"argentina-es-uno-de-los-peores-paises-de-latinoamerica-en-libertad-de-prensa","status":"publish","type":"post","link":"https:\/\/www.actualidadadiario.com\/index.php\/2026\/03\/12\/argentina-es-uno-de-los-peores-paises-de-latinoamerica-en-libertad-de-prensa\/","title":{"rendered":"Argentina es uno de los peores pa\u00edses de Latinoam\u00e9rica en libertad de prensa"},"content":{"rendered":"<p style=\"text-align: center;\"><em><strong>Seg\u00fan la Sociedad Interamericana de Prensa, la gesti\u00f3n libertaria &#8220;emple\u00f3 la estigmatizaci\u00f3n y los ataques digitales para cuestionar a la prensa cr\u00edtica&#8221;<\/strong><\/em><\/p>\n<p>&nbsp;<\/p>\n<p>&nbsp;<\/p>\n<p>Un nuevo informe de la Sociedad Interamericana de Prensa advierti\u00f3 que el gobierno de Javier Milei &#8220;emple\u00f3 la estigmatizaci\u00f3n y los ataques digitales para cuestionar a la prensa cr\u00edtica&#8221;.<\/p>\n<p>El \u00cdndice Chapultepec, publicado en sipiapa.org, Argentina est\u00e1 en el puesto ocho de los peores pa\u00edses calificados en materia de libertad de prensa de la regi\u00f3n.<\/p>\n<p>El documento se\u00f1al\u00f3 que con la entrada del gobierno de Milei en 2023, otras din\u00e1micas han mantenido los niveles en la zona media, entre estigmatizaciones a la prensa y clausuras de medios estatales, como T\u00e9lam, en 2024.<\/p>\n<p>Argentina subi\u00f3 de manera poco significativa, 1,84 puntos, ubic\u00e1ndose en 53,02 puntos, subiendo tres casillas en la clasificaci\u00f3n, donde pas\u00f3 del puesto 11 al octavo atribuido al descenso de otras naciones. &#8220;El periodismo ha sido visto como un adversario ideol\u00f3gico, en acciones que no solo se han quedado en disputas de micr\u00f3fonos, sino que han escalado a las agresiones f\u00edsicas contra la prensa&#8221;, expresa la SIP.<\/p>\n<p>Sobre la situaci\u00f3n del pa\u00eds, se\u00f1al\u00f3 que entre 2020 y 2021, registra una ca\u00edda abrupta de 24 puntos, pasando de 77,20 a 53,20 puntos. Aclara que durante la pandemia hubo cambios comunicacionales en la administraci\u00f3n de Mauricio Macri.<\/p>\n<p>La &#8220;Dimensi\u00f3n Ciudadan\u00eda Informada y Libre de Expresarse&#8221; fue la peor evaluada por los jueces, al obtener 13,73 puntos de un m\u00e1ximo te\u00f3rico de 30; casi en el nivel medio se ubic\u00f3 la &#8221; Dimensi\u00f3n Actuaciones del Estado contra la Violencia e Impunidad contra Periodistas y Medios&#8221;, con 19,11 puntos de 40 posibles.<\/p>\n<p>En el punto &#8220;Dimensi\u00f3n Control de Medios y Periodismo&#8221; , la medida fue de 20,18 puntos de un m\u00e1ximo te\u00f3rico de 30. Tambi\u00e9n destaca que el &#8220;entorno Ejecutivo es el considerado con mayor influencia en las situaciones adversas a las libertades de expresi\u00f3n y de prensa, con impacto moderado en promedio, aunque fuerte en lo que se refiere a la Dimensi\u00f3n Ciudadan\u00eda Informada y Libre de Expresarse.<\/p>\n<p>La organizaci\u00f3n advirti\u00f3 que diversas ONG&#8217;s han reportado un importante incremento de agresiones contra la prensa en manifestaciones p\u00fablicas.<\/p>\n<p>El informe mencion\u00f3 la protesta de jubilados del 12 de marzo de 2025, donde el fotoperiodista Pablo Grillo recibi\u00f3 el impacto de un cartucho de gas lacrim\u00f3geno en la cabeza, provoc\u00e1ndole un gran da\u00f1o y meses de intensa recuperaci\u00f3n. En la misma jornada, se documentaron alrededor de 20 agresiones contra trabajadores de la prensa, donde no fueron sancionados los efectivos involucrados.<\/p>\n","protected":false},"excerpt":{"rendered":"<p>Seg\u00fan la Sociedad Interamericana de Prensa, la gesti\u00f3n libertaria &#8220;emple\u00f3 la estigmatizaci\u00f3n y los ataques digitales para cuestionar a la prensa cr\u00edtica&#8221; &nbsp; &nbsp; Un nuevo informe de la Sociedad Interamericana de Prensa advierti\u00f3 que el gobierno de Javier Milei &#8220;emple\u00f3 la estigmatizaci\u00f3n y los ataques digitales para cuestionar a la prensa cr\u00edtica&#8221;. El \u00cdndice Chapultepec, publicado en sipiapa.org, Argentina est\u00e1 en el puesto ocho de los peores pa\u00edses calificados en materia de libertad de prensa de la regi\u00f3n. El documento se\u00f1al\u00f3 que con la entrada del gobierno de Milei&#8230;<\/p>\n","protected":false},"author":3,"featured_media":135870,"comment_status":"closed","ping_status":"closed","sticky":false,"template":"","format":"standard","meta":[],"categories":[9],"tags":[],"_links":{"self":[{"href":"https:\/\/www.actualidadadiario.com\/index.php\/wp-json\/wp\/v2\/posts\/135869"}],"collection":[{"href":"https:\/\/www.actualidadadiario.com\/index.php\/wp-json\/wp\/v2\/posts"}],"about":[{"href":"https:\/\/www.actualidadadiario.com\/index.php\/wp-json\/wp\/v2\/types\/post"}],"author":[{"embeddable":true,"href":"https:\/\/www.actualidadadiario.com\/index.php\/wp-json\/wp\/v2\/users\/3"}],"replies":[{"embeddable":true,"href":"https:\/\/www.actualidadadiario.com\/index.php\/wp-json\/wp\/v2\/comments?post=135869"}],"version-history":[{"count":1,"href":"https:\/\/www.actualidadadiario.com\/index.php\/wp-json\/wp\/v2\/posts\/135869\/revisions"}],"predecessor-version":[{"id":135871,"href":"https:\/\/www.actualidadadiario.com\/index.php\/wp-json\/wp\/v2\/posts\/135869\/revisions\/135871"}],"wp:featuredmedia":[{"embeddable":true,"href":"https:\/\/www.actualidadadiario.com\/index.php\/wp-json\/wp\/v2\/media\/135870"}],"wp:attachment":[{"href":"https:\/\/www.actualidadadiario.com\/index.php\/wp-json\/wp\/v2\/media?parent=135869"}],"wp:term":[{"taxonomy":"category","embeddable":true,"href":"https:\/\/www.actualidadadiario.com\/index.php\/wp-json\/wp\/v2\/categories?post=135869"},{"taxonomy":"post_tag","embeddable":true,"href":"https:\/\/www.actualidadadiario.com\/index.php\/wp-json\/wp\/v2\/tags?post=135869"}],"curies":[{"name":"wp","href":"https:\/\/api.w.org\/{rel}","templated":true}]}}