{"id":135856,"date":"2026-03-12T10:02:21","date_gmt":"2026-03-12T13:02:21","guid":{"rendered":"https:\/\/www.actualidadadiario.com\/?p=135856"},"modified":"2026-03-12T10:02:21","modified_gmt":"2026-03-12T13:02:21","slug":"se-profundiza-la-crisis-mar-del-plata-tuvo-su-peor-temporada-de-verano-desde-la-pandemia","status":"publish","type":"post","link":"https:\/\/www.actualidadadiario.com\/index.php\/2026\/03\/12\/se-profundiza-la-crisis-mar-del-plata-tuvo-su-peor-temporada-de-verano-desde-la-pandemia\/","title":{"rendered":"Se profundiza la crisis: Mar del Plata tuvo su peor temporada de verano desde la pandemia"},"content":{"rendered":"<p style=\"text-align: center;\"><em><strong>La ocupaci\u00f3n promedio global apenas logr\u00f3 superar el cincuenta por ciento a lo largo del trimestre. El mes de enero concentr\u00f3 el mayor retroceso interanual de la temporada<\/strong><\/em><\/p>\n<p>&nbsp;<\/p>\n<p>&nbsp;<\/p>\n<p>El turismo en la ciudad de Mar del Plata experiment\u00f3 una ca\u00edda interanual del 3,7% durante la \u00faltima temporada. Estos n\u00fameros transforman a este ciclo en el peor verano para la actividad desde la pandemia de Covid-19.<\/p>\n<p>El Ente Municipal de Turismo y Cultura (Emturyc) contabiliz\u00f3 3.141.427 arribos entre el 1 de diciembre y el 28 de febrero. Esta cifra representa un claro retroceso frente a los 3.263.727 visitantes del per\u00edodo estival anterior, con una ocupaci\u00f3n promedio global del 50,7%.<\/p>\n<p>El desglose mensual evidencia una baja constante en la afluencia de p\u00fablico. Enero lider\u00f3 las p\u00e9rdidas con un descenso del 7,1%, diciembre anot\u00f3 una merma del 2,1% y febrero limit\u00f3 su ca\u00edda al 0,7% gracias a la tracci\u00f3n de los feriados de Carnaval.<\/p>\n<p>Las estad\u00edsticas oficiales confirman un escenario in\u00e9dito en el \u00faltimo lustro para el sector. Para encontrar registros inferiores en materia de visitantes es necesario remontarse al verano 2020\/2021, una etapa atravesada por las restricciones, con un total de 2.231.660 arribos.<\/p>\n<p>Al repasar las opciones de alojamiento, la vivienda propia acapar\u00f3 la mayor\u00eda de las preferencias con un 41,3%. Detr\u00e1s se ubicaron las casas o departamentos de alquiler con un 32,6%, mientras la hoteler\u00eda tradicional capt\u00f3 un 25,9%.<\/p>\n<p>En cuanto a los medios de transporte, el veh\u00edculo particular result\u00f3 la alternativa favorita del 81,4% de los viajeros. El \u00f3mnibus qued\u00f3 en segundo lugar con un 13,8%, el ferrocarril traslad\u00f3 al 3,4% y el avi\u00f3n apenas alcanz\u00f3 un 1,5% de los traslados.<\/p>\n","protected":false},"excerpt":{"rendered":"<p>La ocupaci\u00f3n promedio global apenas logr\u00f3 superar el cincuenta por ciento a lo largo del trimestre. El mes de enero concentr\u00f3 el mayor retroceso interanual de la temporada &nbsp; &nbsp; El turismo en la ciudad de Mar del Plata experiment\u00f3 una ca\u00edda interanual del 3,7% durante la \u00faltima temporada. Estos n\u00fameros transforman a este ciclo en el peor verano para la actividad desde la pandemia de Covid-19. El Ente Municipal de Turismo y Cultura (Emturyc) contabiliz\u00f3 3.141.427 arribos entre el 1 de diciembre y el 28 de febrero. Esta cifra&#8230;<\/p>\n","protected":false},"author":3,"featured_media":135857,"comment_status":"closed","ping_status":"closed","sticky":false,"template":"","format":"standard","meta":[],"categories":[2],"tags":[],"_links":{"self":[{"href":"https:\/\/www.actualidadadiario.com\/index.php\/wp-json\/wp\/v2\/posts\/135856"}],"collection":[{"href":"https:\/\/www.actualidadadiario.com\/index.php\/wp-json\/wp\/v2\/posts"}],"about":[{"href":"https:\/\/www.actualidadadiario.com\/index.php\/wp-json\/wp\/v2\/types\/post"}],"author":[{"embeddable":true,"href":"https:\/\/www.actualidadadiario.com\/index.php\/wp-json\/wp\/v2\/users\/3"}],"replies":[{"embeddable":true,"href":"https:\/\/www.actualidadadiario.com\/index.php\/wp-json\/wp\/v2\/comments?post=135856"}],"version-history":[{"count":1,"href":"https:\/\/www.actualidadadiario.com\/index.php\/wp-json\/wp\/v2\/posts\/135856\/revisions"}],"predecessor-version":[{"id":135858,"href":"https:\/\/www.actualidadadiario.com\/index.php\/wp-json\/wp\/v2\/posts\/135856\/revisions\/135858"}],"wp:featuredmedia":[{"embeddable":true,"href":"https:\/\/www.actualidadadiario.com\/index.php\/wp-json\/wp\/v2\/media\/135857"}],"wp:attachment":[{"href":"https:\/\/www.actualidadadiario.com\/index.php\/wp-json\/wp\/v2\/media?parent=135856"}],"wp:term":[{"taxonomy":"category","embeddable":true,"href":"https:\/\/www.actualidadadiario.com\/index.php\/wp-json\/wp\/v2\/categories?post=135856"},{"taxonomy":"post_tag","embeddable":true,"href":"https:\/\/www.actualidadadiario.com\/index.php\/wp-json\/wp\/v2\/tags?post=135856"}],"curies":[{"name":"wp","href":"https:\/\/api.w.org\/{rel}","templated":true}]}}