{"id":135853,"date":"2026-03-12T09:30:48","date_gmt":"2026-03-12T12:30:48","guid":{"rendered":"https:\/\/www.actualidadadiario.com\/?p=135853"},"modified":"2026-03-12T09:30:48","modified_gmt":"2026-03-12T12:30:48","slug":"preven-suba-de-temperaturas-los-proximos-dias","status":"publish","type":"post","link":"https:\/\/www.actualidadadiario.com\/index.php\/2026\/03\/12\/preven-suba-de-temperaturas-los-proximos-dias\/","title":{"rendered":"Prev\u00e9n suba de temperaturas los pr\u00f3ximos d\u00edas"},"content":{"rendered":"<p style=\"text-align: center;\"><em><strong>Se prev\u00e9 una jornada agradable, sobre todo con calor a partir del mediod\u00eda. Los pr\u00f3ximos d\u00edas anuncian hasta 34 grados y se pronostican posibles inestabilidades la semana que viene<\/strong><\/em><\/p>\n<p>&nbsp;<\/p>\n<p>&nbsp;<\/p>\n<p>El Servicio Meteorol\u00f3gico Nacional -SMN- informa que este jueves se presenta con buen tiempo en Entre R\u00edos. El cielo estar\u00e1 soleado con escasa nubosidad. Las temperaturas m\u00e1ximas alcanzar\u00e1n los 30 grados.<\/p>\n<p>El pron\u00f3stico extendido anticipa un aumento de las temperaturas que se sentir\u00e1n sobre todo la semana que viene, con m\u00e1ximas de hasta 33 y 34 grados. Al mismo tiempo, se prev\u00e9 la llegada de inestabilidades.<\/p>\n<p>Para el s\u00e1bado se observan algunas leves probabilidades de precipitaciones, mientras que crece la posibilidad de lluvias y tormentas para el martes de la semana que viene.<\/p>\n<p>&nbsp;<\/p>\n<p><strong>Pron\u00f3stico para hoy<\/strong><\/p>\n<p>En Paran\u00e1, La Paz, Villaguay, Diamante y Nogoy\u00e1 la temperatura m\u00ednima ser\u00e1 de 16 grados y la m\u00e1xima alcanzar\u00e1 los 30 grados. En la capital y alrededores se espera un cielo parcialmente nublado durante todo el d\u00eda.<\/p>\n<p>En Concordia, Federal, Feliciano, Federaci\u00f3n y San Salvador, en tanto, se aguarda una m\u00ednima de 18 grados y una m\u00e1xima de 28 grados. Se indica cielo mayormente nublado al comienzo del d\u00eda y parcialmente nublado al finalizar.<\/p>\n<p>En Gualeguaych\u00fa, Col\u00f3n, Uruguay, Tala e Islas, se espera una m\u00ednima de 16 grados y una m\u00e1xima de 28 grados. Tambi\u00e9n se indica mayor nubosidad de ma\u00f1ana y la tarde, mientras que de noche parcialmente nublado.<\/p>\n<p>En Gualeguay y Victoria, por \u00faltimo, se espera una m\u00ednima de 15 grados y una m\u00e1xima de 30 grados. Tambi\u00e9n se informa que habr\u00e1 un cielo parcialmente nublado toda la jornada.<\/p>\n","protected":false},"excerpt":{"rendered":"<p>Se prev\u00e9 una jornada agradable, sobre todo con calor a partir del mediod\u00eda. Los pr\u00f3ximos d\u00edas anuncian hasta 34 grados y se pronostican posibles inestabilidades la semana que viene &nbsp; &nbsp; El Servicio Meteorol\u00f3gico Nacional -SMN- informa que este jueves se presenta con buen tiempo en Entre R\u00edos. El cielo estar\u00e1 soleado con escasa nubosidad. Las temperaturas m\u00e1ximas alcanzar\u00e1n los 30 grados. El pron\u00f3stico extendido anticipa un aumento de las temperaturas que se sentir\u00e1n sobre todo la semana que viene, con m\u00e1ximas de hasta 33 y 34 grados. Al mismo&#8230;<\/p>\n","protected":false},"author":3,"featured_media":95002,"comment_status":"closed","ping_status":"closed","sticky":false,"template":"","format":"standard","meta":[],"categories":[15],"tags":[],"_links":{"self":[{"href":"https:\/\/www.actualidadadiario.com\/index.php\/wp-json\/wp\/v2\/posts\/135853"}],"collection":[{"href":"https:\/\/www.actualidadadiario.com\/index.php\/wp-json\/wp\/v2\/posts"}],"about":[{"href":"https:\/\/www.actualidadadiario.com\/index.php\/wp-json\/wp\/v2\/types\/post"}],"author":[{"embeddable":true,"href":"https:\/\/www.actualidadadiario.com\/index.php\/wp-json\/wp\/v2\/users\/3"}],"replies":[{"embeddable":true,"href":"https:\/\/www.actualidadadiario.com\/index.php\/wp-json\/wp\/v2\/comments?post=135853"}],"version-history":[{"count":1,"href":"https:\/\/www.actualidadadiario.com\/index.php\/wp-json\/wp\/v2\/posts\/135853\/revisions"}],"predecessor-version":[{"id":135854,"href":"https:\/\/www.actualidadadiario.com\/index.php\/wp-json\/wp\/v2\/posts\/135853\/revisions\/135854"}],"wp:featuredmedia":[{"embeddable":true,"href":"https:\/\/www.actualidadadiario.com\/index.php\/wp-json\/wp\/v2\/media\/95002"}],"wp:attachment":[{"href":"https:\/\/www.actualidadadiario.com\/index.php\/wp-json\/wp\/v2\/media?parent=135853"}],"wp:term":[{"taxonomy":"category","embeddable":true,"href":"https:\/\/www.actualidadadiario.com\/index.php\/wp-json\/wp\/v2\/categories?post=135853"},{"taxonomy":"post_tag","embeddable":true,"href":"https:\/\/www.actualidadadiario.com\/index.php\/wp-json\/wp\/v2\/tags?post=135853"}],"curies":[{"name":"wp","href":"https:\/\/api.w.org\/{rel}","templated":true}]}}