{"id":135851,"date":"2026-03-12T09:30:05","date_gmt":"2026-03-12T12:30:05","guid":{"rendered":"https:\/\/www.actualidadadiario.com\/?p=135851"},"modified":"2026-03-12T09:30:05","modified_gmt":"2026-03-12T12:30:05","slug":"prorrogaron-el-vencimiento-del-impuesto-automotor-en-entre-rios","status":"publish","type":"post","link":"https:\/\/www.actualidadadiario.com\/index.php\/2026\/03\/12\/prorrogaron-el-vencimiento-del-impuesto-automotor-en-entre-rios\/","title":{"rendered":"Prorrogaron el vencimiento del impuesto automotor en Entre R\u00edos"},"content":{"rendered":"<p style=\"text-align: center;\"><em><strong>Se confirm\u00f3 la pr\u00f3rroga del vencimiento del impuesto automotor correspondiente al pago \u00fanico y la primera cuota. Por motivos t\u00e9cnico-operativos, la fecha prevista para marzo fue trasladada a los d\u00edas 8 y 9 de abril de 2026, seg\u00fan el d\u00edgito verificador<\/strong><\/em><\/p>\n<p>&nbsp;<\/p>\n<p>&nbsp;<\/p>\n<p>El vencimiento del impuesto automotor fue prorrogado y finalmente se pagar\u00e1 en abril, luego de que se resolviera extender el plazo previsto inicialmente para marzo. La decisi\u00f3n qued\u00f3 establecida en una resoluci\u00f3n oficial que modific\u00f3 el calendario tributario para el Pago \u00danico y la primera cuota correspondiente al per\u00edodo fiscal 2026.<\/p>\n<p>De acuerdo con lo establecido en la normativa, los vencimientos del impuesto a los automotores estaban previstos originalmente para los d\u00edas 16 y 17 de marzo de 2026, seg\u00fan el d\u00edgito verificador de cada contribuyente. Sin embargo, la autoridad competente dispuso modificar esas fechas y trasladarlas al mes siguiente.<\/p>\n<p>Seg\u00fan el texto de la resoluci\u00f3n a la que accedi\u00f3 este medio, se determin\u00f3 que el nuevo cronograma fija los vencimientos para los d\u00edas 8 y 9 de abril de 2026, tambi\u00e9n en funci\u00f3n del d\u00edgito verificador que figura en la boleta del tributo.<\/p>\n<p>&nbsp;<\/p>\n<p><strong>Motivos de la pr\u00f3rroga<\/strong><\/p>\n<p>En los fundamentos de la medida se explic\u00f3 que el cambio en el calendario respondi\u00f3 a cuestiones vinculadas con la organizaci\u00f3n administrativa y aspectos t\u00e9cnicos del sistema de gesti\u00f3n tributaria.<\/p>\n<p>En ese sentido, el documento oficial se\u00f1ala que, \u201cconforme a lo dispuesto por el Art\u00edculo 16\u00b0 del referido texto legal, los vencimientos para el Pago \u00danico y 1\u00b0 Cuota del Impuesto a los Automotores operar\u00edan los d\u00edas 16 y 17 de marzo de 2026, de acuerdo al d\u00edgito verificador\u201d. No obstante, la resoluci\u00f3n agrega que \u201cpor razones de \u00edndole t\u00e9cnico operativas y de organizaci\u00f3n se considera pertinente extender los vencimientos antes mencionados, fij\u00e1ndolos para los d\u00edas 08 y 09 de abril de 2026\u201d.<\/p>\n<p>&nbsp;<\/p>\n<p><strong>Impacto para los contribuyentes<\/strong><\/p>\n<p>La pr\u00f3rroga implica que los propietarios de veh\u00edculos contar\u00e1n con m\u00e1s tiempo para cumplir con el pago del tributo correspondiente al per\u00edodo fiscal vigente. De esta manera, quienes opten por cancelar el impuesto en un \u00fanico pago o abonar la primera cuota podr\u00e1n hacerlo durante la segunda semana de abril.<\/p>\n<p>El nuevo calendario mantiene el criterio de vencimiento seg\u00fan el d\u00edgito verificador, mecanismo que se utiliza habitualmente para ordenar el pago de los tributos y evitar concentraciones de contribuyentes en una misma fecha.<\/p>\n","protected":false},"excerpt":{"rendered":"<p>Se confirm\u00f3 la pr\u00f3rroga del vencimiento del impuesto automotor correspondiente al pago \u00fanico y la primera cuota. Por motivos t\u00e9cnico-operativos, la fecha prevista para marzo fue trasladada a los d\u00edas 8 y 9 de abril de 2026, seg\u00fan el d\u00edgito verificador &nbsp; &nbsp; El vencimiento del impuesto automotor fue prorrogado y finalmente se pagar\u00e1 en abril, luego de que se resolviera extender el plazo previsto inicialmente para marzo. La decisi\u00f3n qued\u00f3 establecida en una resoluci\u00f3n oficial que modific\u00f3 el calendario tributario para el Pago \u00danico y la primera cuota correspondiente&#8230;<\/p>\n","protected":false},"author":3,"featured_media":81062,"comment_status":"closed","ping_status":"closed","sticky":false,"template":"","format":"standard","meta":[],"categories":[15],"tags":[],"_links":{"self":[{"href":"https:\/\/www.actualidadadiario.com\/index.php\/wp-json\/wp\/v2\/posts\/135851"}],"collection":[{"href":"https:\/\/www.actualidadadiario.com\/index.php\/wp-json\/wp\/v2\/posts"}],"about":[{"href":"https:\/\/www.actualidadadiario.com\/index.php\/wp-json\/wp\/v2\/types\/post"}],"author":[{"embeddable":true,"href":"https:\/\/www.actualidadadiario.com\/index.php\/wp-json\/wp\/v2\/users\/3"}],"replies":[{"embeddable":true,"href":"https:\/\/www.actualidadadiario.com\/index.php\/wp-json\/wp\/v2\/comments?post=135851"}],"version-history":[{"count":1,"href":"https:\/\/www.actualidadadiario.com\/index.php\/wp-json\/wp\/v2\/posts\/135851\/revisions"}],"predecessor-version":[{"id":135852,"href":"https:\/\/www.actualidadadiario.com\/index.php\/wp-json\/wp\/v2\/posts\/135851\/revisions\/135852"}],"wp:featuredmedia":[{"embeddable":true,"href":"https:\/\/www.actualidadadiario.com\/index.php\/wp-json\/wp\/v2\/media\/81062"}],"wp:attachment":[{"href":"https:\/\/www.actualidadadiario.com\/index.php\/wp-json\/wp\/v2\/media?parent=135851"}],"wp:term":[{"taxonomy":"category","embeddable":true,"href":"https:\/\/www.actualidadadiario.com\/index.php\/wp-json\/wp\/v2\/categories?post=135851"},{"taxonomy":"post_tag","embeddable":true,"href":"https:\/\/www.actualidadadiario.com\/index.php\/wp-json\/wp\/v2\/tags?post=135851"}],"curies":[{"name":"wp","href":"https:\/\/api.w.org\/{rel}","templated":true}]}}