{"id":135849,"date":"2026-03-12T09:29:25","date_gmt":"2026-03-12T12:29:25","guid":{"rendered":"https:\/\/www.actualidadadiario.com\/?p=135849"},"modified":"2026-03-12T09:29:25","modified_gmt":"2026-03-12T12:29:25","slug":"escuela-de-concordia-limita-el-uso-de-celulares","status":"publish","type":"post","link":"https:\/\/www.actualidadadiario.com\/index.php\/2026\/03\/12\/escuela-de-concordia-limita-el-uso-de-celulares\/","title":{"rendered":"Escuela de Concordia limita el uso de celulares"},"content":{"rendered":"<p style=\"text-align: center;\"><em><strong>En Concordia, la Escuela N\u00b0 81 Jes\u00fas Nazareno empez\u00f3 a aplicar la restricci\u00f3n en el uso de celulares con los alumnos del ciclo b\u00e1sico de secundaria en 2025; este a\u00f1o, la disposici\u00f3n se ampli\u00f3 a los estudiantes del ciclo orientado. Ni siquiera se habilita el uso de dispositivo para el pago con billeteras virtuales para la compra de productos en el kiosco escolar, y por eso se alienta a los alumnos a ir con tarjetas de cr\u00e9dito o dinero en efectivo<\/strong><\/em><\/p>\n<p>&nbsp;<\/p>\n<p>Mauricio Ordo\u00f1ez, rector de la Escuela Jes\u00fas Nazareno, habl\u00f3 con el programa Puro Cuento de Radio Plaza 94.7, aclar\u00f3 que la medida no implica \u201cprohibici\u00f3n\u201d sino m\u00e1s bien \u201ces como recuperar mejor lo que es el di\u00e1logo: desconectar el celu para conectarnos entre nosotros. Entonces, la idea un poco es que los chicos empiecen a mirarse a los ojos, a conversar en los recreos, que el docente no tenga dificultad cuando da la clase. En la escuela el celular est\u00e1 habilitado solamente si el docente lo necesita como una herramienta pedag\u00f3gica. Vemos que el uso se ha desvirtuado, y el chico est\u00e1 m\u00e1s en la red cuando tendr\u00eda que estar en el aula atendiendo al profesor. La decisi\u00f3n no es solo nuestra sino que fue todo paso a paso\u201d.<\/p>\n","protected":false},"excerpt":{"rendered":"<p>En Concordia, la Escuela N\u00b0 81 Jes\u00fas Nazareno empez\u00f3 a aplicar la restricci\u00f3n en el uso de celulares con los alumnos del ciclo b\u00e1sico de secundaria en 2025; este a\u00f1o, la disposici\u00f3n se ampli\u00f3 a los estudiantes del ciclo orientado. Ni siquiera se habilita el uso de dispositivo para el pago con billeteras virtuales para la compra de productos en el kiosco escolar, y por eso se alienta a los alumnos a ir con tarjetas de cr\u00e9dito o dinero en efectivo &nbsp; Mauricio Ordo\u00f1ez, rector de la Escuela Jes\u00fas Nazareno,&#8230;<\/p>\n","protected":false},"author":3,"featured_media":119634,"comment_status":"closed","ping_status":"closed","sticky":false,"template":"","format":"standard","meta":[],"categories":[15],"tags":[],"_links":{"self":[{"href":"https:\/\/www.actualidadadiario.com\/index.php\/wp-json\/wp\/v2\/posts\/135849"}],"collection":[{"href":"https:\/\/www.actualidadadiario.com\/index.php\/wp-json\/wp\/v2\/posts"}],"about":[{"href":"https:\/\/www.actualidadadiario.com\/index.php\/wp-json\/wp\/v2\/types\/post"}],"author":[{"embeddable":true,"href":"https:\/\/www.actualidadadiario.com\/index.php\/wp-json\/wp\/v2\/users\/3"}],"replies":[{"embeddable":true,"href":"https:\/\/www.actualidadadiario.com\/index.php\/wp-json\/wp\/v2\/comments?post=135849"}],"version-history":[{"count":1,"href":"https:\/\/www.actualidadadiario.com\/index.php\/wp-json\/wp\/v2\/posts\/135849\/revisions"}],"predecessor-version":[{"id":135850,"href":"https:\/\/www.actualidadadiario.com\/index.php\/wp-json\/wp\/v2\/posts\/135849\/revisions\/135850"}],"wp:featuredmedia":[{"embeddable":true,"href":"https:\/\/www.actualidadadiario.com\/index.php\/wp-json\/wp\/v2\/media\/119634"}],"wp:attachment":[{"href":"https:\/\/www.actualidadadiario.com\/index.php\/wp-json\/wp\/v2\/media?parent=135849"}],"wp:term":[{"taxonomy":"category","embeddable":true,"href":"https:\/\/www.actualidadadiario.com\/index.php\/wp-json\/wp\/v2\/categories?post=135849"},{"taxonomy":"post_tag","embeddable":true,"href":"https:\/\/www.actualidadadiario.com\/index.php\/wp-json\/wp\/v2\/tags?post=135849"}],"curies":[{"name":"wp","href":"https:\/\/api.w.org\/{rel}","templated":true}]}}