{"id":135846,"date":"2026-03-12T09:28:39","date_gmt":"2026-03-12T12:28:39","guid":{"rendered":"https:\/\/www.actualidadadiario.com\/?p=135846"},"modified":"2026-03-12T10:07:15","modified_gmt":"2026-03-12T13:07:15","slug":"la-camara-de-diputados-de-entre-rios-celebro-su-primera-sesion-ordinaria-del-ano","status":"publish","type":"post","link":"https:\/\/www.actualidadadiario.com\/index.php\/2026\/03\/12\/la-camara-de-diputados-de-entre-rios-celebro-su-primera-sesion-ordinaria-del-ano\/","title":{"rendered":"La C\u00e1mara de Diputados de Entre R\u00edos celebr\u00f3 su primera sesi\u00f3n ordinaria del a\u00f1o"},"content":{"rendered":"<p style=\"text-align: center;\"><em><strong>Durante el encuentro se aprobaron distintas resoluciones y declaraciones, mientras que tom\u00f3 estado parlamentario el dictamen sobre el proyecto de ley que crea la Comisi\u00f3n Especial Investigadora de la Deuda P\u00fablica. Adem\u00e1s, se comunic\u00f3 la designaci\u00f3n de la diputada Romero y el diputado Maier como miembros de la Comisi\u00f3n Asesora de la Colonia Productiva Guardamonte<\/strong><\/em><\/p>\n<p>&nbsp;<\/p>\n<p>&nbsp;<\/p>\n<p>El presidente de la C\u00e1mara de Diputados, Gustavo Hein, encabez\u00f3 este mi\u00e9rcoles la primera Sesi\u00f3n Ordinaria del 147\u00ba Periodo Legislativo. En este marco, el cuerpo legislativo dio curso al tratamiento de los temas previstos en el orden del d\u00eda, al tiempo que se aprobaron diversas iniciativas legislativas.<\/p>\n<p>Una de las normas aprobadas refiere a una resoluci\u00f3n presentada por el diputado Marcelo L\u00f3pez por el que se insta a legisladores nacionales a que impulsen ante el Congreso de la Naci\u00f3n un proyecto de ley para declarar el 3 de febrero, aniversario de la Batalla de Caseros, como feriado nacional. Asimismo, se aprob\u00f3 una declaraci\u00f3n, de autor\u00eda del diputado Juan Jos\u00e9 Bahillo, por la que se insta al gobierno nacional a realizar gestiones ante el gobierno de Estados Unidos para avanzar en la apertura de mercados para naranjas y mandarinas que se producen en la provincia.<\/p>\n<p>En la fecha, adem\u00e1s, tomaron estado parlamentario dict\u00e1menes de comisi\u00f3n que incluyen la creaci\u00f3n de la Comisi\u00f3n Especial Investigadora de la Deuda P\u00fablica -de autor\u00eda del Poder Ejecutivo- as\u00ed como la declaraci\u00f3n de utilidad p\u00fablica y expropiaci\u00f3n de un inmueble en El Solar y San Carlos, en departamento La Paz -de autor\u00eda del diputado L\u00f3pez-, ambos expedientes girados al Orden del D\u00eda de la pr\u00f3xima sesi\u00f3n.<\/p>\n<p>&nbsp;<\/p>\n<p><strong>Proyectos del Poder Ejecutivo<\/strong><\/p>\n<p>La sesi\u00f3n ordinaria de este mi\u00e9rcoles otorg\u00f3 estado parlamentario a una serie de proyectos de ley enviados por el Gobierno Provincial, los cuales proponen el desarrollo de obras estrat\u00e9gicas en diversos departamentos, al igual que la regularizaci\u00f3n de inmuebles destinados al sistema educativo. Una de las iniciativas, contenida en el Expediente N\u00ba28.947, autoriza a aceptar la donaci\u00f3n de un terreno por parte de la Municipalidad de Paran\u00e1 con vistas a la construcci\u00f3n de la Escuela Secundaria N\u00ba78 \u201cIntendente Juan Carlos Esparza\u201d. Asimismo, el Expediente N\u00ba28.950 contempla el ascenso a primera categor\u00eda de la comuna Ingeniero Sajaroff, en departamento Villaguay.<\/p>\n<p>Otros expedientes que recibieron estatus parlamentario refieren a obras viales y apoyo a la producci\u00f3n. As\u00ed es como se prev\u00e9 la expropiaci\u00f3n de inmuebles para la ejecuci\u00f3n de mejoras en los accesos a las cooperativas ap\u00edcolas de Paran\u00e1 -Expediente N\u00ba28.985- y Gualeguaych\u00fa -Expediente N\u00ba28.986-, as\u00ed como la construcci\u00f3n de la Circunvalaci\u00f3n de Nogoy\u00e1 -Expediente N\u00ba28.988- y un nuevo puente sobre el Arroyo \u201cDel Sauce\u201d -Expediente N\u00ba28.997-.<\/p>\n<p>El plan de obras contenido en el Expediente N\u00ba28.987, por su parte, contempla la rehabilitaci\u00f3n y reconstrucci\u00f3n de calzadas en las rutas provinciales N\u00ba1 y N\u00ba2, con impacto directo en los departamentos La Paz, Feliciano y Federaci\u00f3n. Por \u00faltimo, se incluy\u00f3 el proyecto para la sistematizaci\u00f3n del Canal Mihura en el departamento Gualeguay, obra clave para el saneamiento h\u00eddrico de la zona -Expediente N\u00ba28.998-.<\/p>\n<p>&nbsp;<\/p>\n<p><strong>Colonia Productiva<\/strong><\/p>\n<p>Al t\u00e9rmino de la sesi\u00f3n, el presidente de bloque oficialista, diputado Bruno Sarubi, comunic\u00f3 al cuerpo que los diputados Mar\u00eda Elena Romero y Jorge Maier representar\u00e1n a la C\u00e1mara en la Comisi\u00f3n Asesora para el Fomento de la Colonia Productiva Guardamonte, seg\u00fan Ley N\u00ba10.664, que tiene por objeto brindar asesoramiento al Poder Ejecutivo en torno a la evaluaci\u00f3n y selecci\u00f3n de los proyectos y en adjudicaci\u00f3n de parcelas.<\/p>\n","protected":false},"excerpt":{"rendered":"<p>Durante el encuentro se aprobaron distintas resoluciones y declaraciones, mientras que tom\u00f3 estado parlamentario el dictamen sobre el proyecto de ley que crea la Comisi\u00f3n Especial Investigadora de la Deuda P\u00fablica. Adem\u00e1s, se comunic\u00f3 la designaci\u00f3n de la diputada Romero y el diputado Maier como miembros de la Comisi\u00f3n Asesora de la Colonia Productiva Guardamonte &nbsp; &nbsp; El presidente de la C\u00e1mara de Diputados, Gustavo Hein, encabez\u00f3 este mi\u00e9rcoles la primera Sesi\u00f3n Ordinaria del 147\u00ba Periodo Legislativo. En este marco, el cuerpo legislativo dio curso al tratamiento de los temas&#8230;<\/p>\n","protected":false},"author":3,"featured_media":135847,"comment_status":"closed","ping_status":"closed","sticky":false,"template":"","format":"standard","meta":[],"categories":[15],"tags":[],"_links":{"self":[{"href":"https:\/\/www.actualidadadiario.com\/index.php\/wp-json\/wp\/v2\/posts\/135846"}],"collection":[{"href":"https:\/\/www.actualidadadiario.com\/index.php\/wp-json\/wp\/v2\/posts"}],"about":[{"href":"https:\/\/www.actualidadadiario.com\/index.php\/wp-json\/wp\/v2\/types\/post"}],"author":[{"embeddable":true,"href":"https:\/\/www.actualidadadiario.com\/index.php\/wp-json\/wp\/v2\/users\/3"}],"replies":[{"embeddable":true,"href":"https:\/\/www.actualidadadiario.com\/index.php\/wp-json\/wp\/v2\/comments?post=135846"}],"version-history":[{"count":1,"href":"https:\/\/www.actualidadadiario.com\/index.php\/wp-json\/wp\/v2\/posts\/135846\/revisions"}],"predecessor-version":[{"id":135848,"href":"https:\/\/www.actualidadadiario.com\/index.php\/wp-json\/wp\/v2\/posts\/135846\/revisions\/135848"}],"wp:featuredmedia":[{"embeddable":true,"href":"https:\/\/www.actualidadadiario.com\/index.php\/wp-json\/wp\/v2\/media\/135847"}],"wp:attachment":[{"href":"https:\/\/www.actualidadadiario.com\/index.php\/wp-json\/wp\/v2\/media?parent=135846"}],"wp:term":[{"taxonomy":"category","embeddable":true,"href":"https:\/\/www.actualidadadiario.com\/index.php\/wp-json\/wp\/v2\/categories?post=135846"},{"taxonomy":"post_tag","embeddable":true,"href":"https:\/\/www.actualidadadiario.com\/index.php\/wp-json\/wp\/v2\/tags?post=135846"}],"curies":[{"name":"wp","href":"https:\/\/api.w.org\/{rel}","templated":true}]}}