{"id":135840,"date":"2026-03-12T09:25:55","date_gmt":"2026-03-12T12:25:55","guid":{"rendered":"https:\/\/www.actualidadadiario.com\/?p=135840"},"modified":"2026-03-12T09:25:55","modified_gmt":"2026-03-12T12:25:55","slug":"atilio-benedetti-asumio-la-presidencia-del-ente-region-centro-e-integracion-regional","status":"publish","type":"post","link":"https:\/\/www.actualidadadiario.com\/index.php\/2026\/03\/12\/atilio-benedetti-asumio-la-presidencia-del-ente-region-centro-e-integracion-regional\/","title":{"rendered":"Atilio Benedetti asumi\u00f3 la presidencia del Ente Regi\u00f3n Centro e Integraci\u00f3n Regional"},"content":{"rendered":"<p style=\"text-align: center;\"><em><strong>Al asumir la responsabilidad, Benedetti agradeci\u00f3 al gobernador Rogelio Frigerio por la convocatoria y destac\u00f3 la importancia de fortalecer el trabajo conjunto de Entre R\u00edos con las provincias que conforman la Regi\u00f3n Centro y la Regi\u00f3n Litoral<\/strong><\/em><\/p>\n<p>&nbsp;<\/p>\n<p>&nbsp;<\/p>\n<p>Al asumir la responsabilidad, Atilio Benedetti agradeci\u00f3 al gobernador Rogelio Frigerio por la convocatoria y destac\u00f3 la importancia de fortalecer el trabajo conjunto de Entre R\u00edos con las provincias que conforman la Regi\u00f3n Centro y la Regi\u00f3n Litoral.<\/p>\n<p>&#8220;Es un honor representar a Entre R\u00edos en su pol\u00edtica de integraci\u00f3n regional&#8221;, sostuvo Benedetti y destac\u00f3 que la Regi\u00f3n Centro &#8220;re\u00fane a tres provincias con enorme capacidad productiva y un fuerte compromiso con el desarrollo federal de la Argentina&#8221;, en tanto que &#8220;la Regi\u00f3n Litoral es un paso m\u00e1s reciente pero clave de cara al futuro del pa\u00eds&#8221;.<\/p>\n<p>El nuevo presidente del Ente remarc\u00f3 que la integraci\u00f3n con las provincias vecinas constituye &#8220;una herramienta estrat\u00e9gica para impulsar pol\u00edticas comunes en \u00e1reas clave como la producci\u00f3n, la infraestructura, la log\u00edstica y la innovaci\u00f3n que generen nuevas oportunidades para nuestras econom\u00edas regionales y cadenas de valor&#8221;.<\/p>\n<p>&#8220;Vamos a seguir trabajando para que tanto la Regi\u00f3n Centro como la Regi\u00f3n Litoral sean cada vez m\u00e1s espacios de cooperaci\u00f3n y desarrollo, que permitan potenciar nuestras capacidades productivas y hacer o\u00edr con m\u00e1s fuerza la voz del interior en la Argentina&#8221;, concluy\u00f3 Benedetti.<\/p>\n","protected":false},"excerpt":{"rendered":"<p>Al asumir la responsabilidad, Benedetti agradeci\u00f3 al gobernador Rogelio Frigerio por la convocatoria y destac\u00f3 la importancia de fortalecer el trabajo conjunto de Entre R\u00edos con las provincias que conforman la Regi\u00f3n Centro y la Regi\u00f3n Litoral &nbsp; &nbsp; Al asumir la responsabilidad, Atilio Benedetti agradeci\u00f3 al gobernador Rogelio Frigerio por la convocatoria y destac\u00f3 la importancia de fortalecer el trabajo conjunto de Entre R\u00edos con las provincias que conforman la Regi\u00f3n Centro y la Regi\u00f3n Litoral. &#8220;Es un honor representar a Entre R\u00edos en su pol\u00edtica de integraci\u00f3n regional&#8221;,&#8230;<\/p>\n","protected":false},"author":3,"featured_media":135841,"comment_status":"closed","ping_status":"closed","sticky":false,"template":"","format":"standard","meta":[],"categories":[15],"tags":[],"_links":{"self":[{"href":"https:\/\/www.actualidadadiario.com\/index.php\/wp-json\/wp\/v2\/posts\/135840"}],"collection":[{"href":"https:\/\/www.actualidadadiario.com\/index.php\/wp-json\/wp\/v2\/posts"}],"about":[{"href":"https:\/\/www.actualidadadiario.com\/index.php\/wp-json\/wp\/v2\/types\/post"}],"author":[{"embeddable":true,"href":"https:\/\/www.actualidadadiario.com\/index.php\/wp-json\/wp\/v2\/users\/3"}],"replies":[{"embeddable":true,"href":"https:\/\/www.actualidadadiario.com\/index.php\/wp-json\/wp\/v2\/comments?post=135840"}],"version-history":[{"count":1,"href":"https:\/\/www.actualidadadiario.com\/index.php\/wp-json\/wp\/v2\/posts\/135840\/revisions"}],"predecessor-version":[{"id":135842,"href":"https:\/\/www.actualidadadiario.com\/index.php\/wp-json\/wp\/v2\/posts\/135840\/revisions\/135842"}],"wp:featuredmedia":[{"embeddable":true,"href":"https:\/\/www.actualidadadiario.com\/index.php\/wp-json\/wp\/v2\/media\/135841"}],"wp:attachment":[{"href":"https:\/\/www.actualidadadiario.com\/index.php\/wp-json\/wp\/v2\/media?parent=135840"}],"wp:term":[{"taxonomy":"category","embeddable":true,"href":"https:\/\/www.actualidadadiario.com\/index.php\/wp-json\/wp\/v2\/categories?post=135840"},{"taxonomy":"post_tag","embeddable":true,"href":"https:\/\/www.actualidadadiario.com\/index.php\/wp-json\/wp\/v2\/tags?post=135840"}],"curies":[{"name":"wp","href":"https:\/\/api.w.org\/{rel}","templated":true}]}}