{"id":135819,"date":"2026-03-12T09:10:09","date_gmt":"2026-03-12T12:10:09","guid":{"rendered":"https:\/\/www.actualidadadiario.com\/?p=135819"},"modified":"2026-03-12T09:59:42","modified_gmt":"2026-03-12T12:59:42","slug":"cuando-es-el-proximo-fin-de-semana-largo-en-la-argentina","status":"publish","type":"post","link":"https:\/\/www.actualidadadiario.com\/index.php\/2026\/03\/12\/cuando-es-el-proximo-fin-de-semana-largo-en-la-argentina\/","title":{"rendered":"Cu\u00e1ndo es el pr\u00f3ximo fin de semana largo en la Argentina"},"content":{"rendered":"<p style=\"text-align: center;\"><em><strong>Pocos d\u00edas faltan para el pr\u00f3ximo fin de semana largo en la Argentina donde se estableci\u00f3 que el descanso dure cuatro d\u00edas, aunque muchos no podr\u00e1n ser beneficiados<\/strong><\/em><\/p>\n<p>&nbsp;<\/p>\n<p>&nbsp;<\/p>\n<p>El cronograma establecido por el gobierno nacional indica que el fin de semana extra largo ser\u00e1 el s\u00e1bado 21, domingo 22, lunes 23 y martes 24 de marzo.<\/p>\n<p>Aun as\u00ed, el lunes 23 fue declarado d\u00eda no laborable con fines tur\u00edsticos, por lo que muchos empleadores deciden que sus empleados trabajen debido a que no existe ninguna obligaci\u00f3n, sumado a que tampoco cobrar\u00e1n doble.<\/p>\n<p>Caso contrario sucede con el 24 de marzo, d\u00eda en el que s\u00ed es feriado inamovible por el D\u00eda Nacional de la Memoria por la Verdad y la Justicia. En este sentido, si tu empleador dicta a que trabajes, deber\u00e1 pagarte el doble.<\/p>\n","protected":false},"excerpt":{"rendered":"<p>Pocos d\u00edas faltan para el pr\u00f3ximo fin de semana largo en la Argentina donde se estableci\u00f3 que el descanso dure cuatro d\u00edas, aunque muchos no podr\u00e1n ser beneficiados &nbsp; &nbsp; El cronograma establecido por el gobierno nacional indica que el fin de semana extra largo ser\u00e1 el s\u00e1bado 21, domingo 22, lunes 23 y martes 24 de marzo. Aun as\u00ed, el lunes 23 fue declarado d\u00eda no laborable con fines tur\u00edsticos, por lo que muchos empleadores deciden que sus empleados trabajen debido a que no existe ninguna obligaci\u00f3n, sumado a&#8230;<\/p>\n","protected":false},"author":3,"featured_media":102665,"comment_status":"closed","ping_status":"closed","sticky":false,"template":"","format":"standard","meta":[],"categories":[2],"tags":[],"_links":{"self":[{"href":"https:\/\/www.actualidadadiario.com\/index.php\/wp-json\/wp\/v2\/posts\/135819"}],"collection":[{"href":"https:\/\/www.actualidadadiario.com\/index.php\/wp-json\/wp\/v2\/posts"}],"about":[{"href":"https:\/\/www.actualidadadiario.com\/index.php\/wp-json\/wp\/v2\/types\/post"}],"author":[{"embeddable":true,"href":"https:\/\/www.actualidadadiario.com\/index.php\/wp-json\/wp\/v2\/users\/3"}],"replies":[{"embeddable":true,"href":"https:\/\/www.actualidadadiario.com\/index.php\/wp-json\/wp\/v2\/comments?post=135819"}],"version-history":[{"count":1,"href":"https:\/\/www.actualidadadiario.com\/index.php\/wp-json\/wp\/v2\/posts\/135819\/revisions"}],"predecessor-version":[{"id":135820,"href":"https:\/\/www.actualidadadiario.com\/index.php\/wp-json\/wp\/v2\/posts\/135819\/revisions\/135820"}],"wp:featuredmedia":[{"embeddable":true,"href":"https:\/\/www.actualidadadiario.com\/index.php\/wp-json\/wp\/v2\/media\/102665"}],"wp:attachment":[{"href":"https:\/\/www.actualidadadiario.com\/index.php\/wp-json\/wp\/v2\/media?parent=135819"}],"wp:term":[{"taxonomy":"category","embeddable":true,"href":"https:\/\/www.actualidadadiario.com\/index.php\/wp-json\/wp\/v2\/categories?post=135819"},{"taxonomy":"post_tag","embeddable":true,"href":"https:\/\/www.actualidadadiario.com\/index.php\/wp-json\/wp\/v2\/tags?post=135819"}],"curies":[{"name":"wp","href":"https:\/\/api.w.org\/{rel}","templated":true}]}}