{"id":134860,"date":"2025-12-30T12:00:12","date_gmt":"2025-12-30T15:00:12","guid":{"rendered":"https:\/\/www.actualidadadiario.com\/?p=134860"},"modified":"2025-12-30T12:00:12","modified_gmt":"2025-12-30T15:00:12","slug":"milei-inicia-el-ano-con-davos-en-la-agenda-se-viene-un-nuevo-discurso-anti-woke","status":"publish","type":"post","link":"https:\/\/www.actualidadadiario.com\/index.php\/2025\/12\/30\/milei-inicia-el-ano-con-davos-en-la-agenda-se-viene-un-nuevo-discurso-anti-woke\/","title":{"rendered":"Milei inicia el a\u00f1o con Davos en la agenda: se viene un nuevo discurso &#8220;anti woke&#8221;"},"content":{"rendered":"<p style=\"text-align: center;\"><em><strong>Ser\u00e1 su tercera presencia consecutiva en el encuentro que re\u00fane a l\u00edderes pol\u00edticos, empresarios y referentes del sistema financiero internacional, y que el mandatario convirti\u00f3 en una de las principales plataformas de su pol\u00edtica exterior<\/strong><\/em><\/p>\n<p>&nbsp;<\/p>\n<p>&nbsp;<\/p>\n<p>El presidente argentino, Javier Milei, inicia el a\u00f1o con una cargada agenda internacional que podr\u00eda delinear el rumbo de su pol\u00edtica exterior. La confirmaci\u00f3n de su participaci\u00f3n en el Foro Econ\u00f3mico Mundial de Davos, del 18 al 23 de enero, resalta su voluntad de presentar su visi\u00f3n sobre los desaf\u00edos contempor\u00e1neos.<\/p>\n<p>Con una postura cr\u00edtica hacia lo que \u00e9l denomina &#8216;agenda woke&#8217;, Milei se apresta a reiterar las ideas que ha sostenido desde su gesti\u00f3n respecto al progresismo y las pol\u00edticas identitarias. Este ser\u00e1 su tercer a\u00f1o consecutivo asistiendo al prestigioso evento, lo cual refuerza la importancia que su administraci\u00f3n asigna a la visibilidad en este tipo de escenarios globales.<\/p>\n<p>El discurso anticipado por el Presidente no se centrar\u00eda tanto en planteamientos econ\u00f3micos directos, sino m\u00e1s bien en cuestionamientos a ciertas ideolog\u00edas que, en su opini\u00f3n, han impactado el tenor de las democracias occidentales. Esta t\u00e1ctica destaca una faceta distintiva de su administraci\u00f3n: integrar la pol\u00edtica exterior con sus principios ideol\u00f3gicos convencidos, buscando configurar una impronta clara de conservadurismo liberal en un foro que aglutina a l\u00edderes de m\u00faltiples sectores.<\/p>\n<p>Simult\u00e1neamente, Milei ha sido invitado a realizar una visita oficial a Israel. Este viaje representa m\u00e1s que una mera reuni\u00f3n de diplomacia est\u00e1ndar; fortalece un v\u00ednculo selecto que su administraci\u00f3n ha priorizado desde sus primeros d\u00edas. Con reuniones de alto nivel y agendas simb\u00f3licamente significativas, este viaje buscar\u00e1 solidificar orientaciones estrat\u00e9gicas en un mundo tensionado por m\u00faltiples factores geopol\u00edticos.<\/p>\n<p>La combinaci\u00f3n de estos eventos internacionales no solo intenta afianzar las relaciones exteriores, sino tambi\u00e9n servir como un recurso de legitimaci\u00f3n pol\u00edtica dentro de su pa\u00eds. Para Milei, la vitrina que ofrece Davos y la alineaci\u00f3n estrat\u00e9gica con Israel se traducen en un refuerzo a su imagen tanto interna como globalmente. Cada uno de estos pasos est\u00e1 calculado para reafirmar su liderazgo.<\/p>\n<p>No obstante, cada estrategia internacional marcha paralela a las complejidades internas de Argentina. El pa\u00eds sigue lidiando con retos econ\u00f3micos profundos y un panorama pol\u00edtico fragmentado, donde la consolidaci\u00f3n de consensos se convierte en una tarea ardua. En tal escenario, los movimientos de Milei m\u00e1s all\u00e1 de las fronteras son observados con atenci\u00f3n, y sus efectos podr\u00edan tener un peso decisivo en el contexto pol\u00edtico y econ\u00f3mico nacional del actual a\u00f1o.<\/p>\n","protected":false},"excerpt":{"rendered":"<p>Ser\u00e1 su tercera presencia consecutiva en el encuentro que re\u00fane a l\u00edderes pol\u00edticos, empresarios y referentes del sistema financiero internacional, y que el mandatario convirti\u00f3 en una de las principales plataformas de su pol\u00edtica exterior &nbsp; &nbsp; El presidente argentino, Javier Milei, inicia el a\u00f1o con una cargada agenda internacional que podr\u00eda delinear el rumbo de su pol\u00edtica exterior. La confirmaci\u00f3n de su participaci\u00f3n en el Foro Econ\u00f3mico Mundial de Davos, del 18 al 23 de enero, resalta su voluntad de presentar su visi\u00f3n sobre los desaf\u00edos contempor\u00e1neos. Con una&#8230;<\/p>\n","protected":false},"author":3,"featured_media":134861,"comment_status":"closed","ping_status":"closed","sticky":false,"template":"","format":"standard","meta":[],"categories":[18],"tags":[],"_links":{"self":[{"href":"https:\/\/www.actualidadadiario.com\/index.php\/wp-json\/wp\/v2\/posts\/134860"}],"collection":[{"href":"https:\/\/www.actualidadadiario.com\/index.php\/wp-json\/wp\/v2\/posts"}],"about":[{"href":"https:\/\/www.actualidadadiario.com\/index.php\/wp-json\/wp\/v2\/types\/post"}],"author":[{"embeddable":true,"href":"https:\/\/www.actualidadadiario.com\/index.php\/wp-json\/wp\/v2\/users\/3"}],"replies":[{"embeddable":true,"href":"https:\/\/www.actualidadadiario.com\/index.php\/wp-json\/wp\/v2\/comments?post=134860"}],"version-history":[{"count":1,"href":"https:\/\/www.actualidadadiario.com\/index.php\/wp-json\/wp\/v2\/posts\/134860\/revisions"}],"predecessor-version":[{"id":134862,"href":"https:\/\/www.actualidadadiario.com\/index.php\/wp-json\/wp\/v2\/posts\/134860\/revisions\/134862"}],"wp:featuredmedia":[{"embeddable":true,"href":"https:\/\/www.actualidadadiario.com\/index.php\/wp-json\/wp\/v2\/media\/134861"}],"wp:attachment":[{"href":"https:\/\/www.actualidadadiario.com\/index.php\/wp-json\/wp\/v2\/media?parent=134860"}],"wp:term":[{"taxonomy":"category","embeddable":true,"href":"https:\/\/www.actualidadadiario.com\/index.php\/wp-json\/wp\/v2\/categories?post=134860"},{"taxonomy":"post_tag","embeddable":true,"href":"https:\/\/www.actualidadadiario.com\/index.php\/wp-json\/wp\/v2\/tags?post=134860"}],"curies":[{"name":"wp","href":"https:\/\/api.w.org\/{rel}","templated":true}]}}