{"id":134527,"date":"2025-12-11T10:53:24","date_gmt":"2025-12-11T13:53:24","guid":{"rendered":"https:\/\/www.actualidadadiario.com\/?p=134527"},"modified":"2025-12-11T10:53:24","modified_gmt":"2025-12-11T13:53:24","slug":"con-un-gran-error-en-el-escudo-nacional-el-gobierno-presento-sus-nuevos-sellos-ministeriales","status":"publish","type":"post","link":"https:\/\/www.actualidadadiario.com\/index.php\/2025\/12\/11\/con-un-gran-error-en-el-escudo-nacional-el-gobierno-presento-sus-nuevos-sellos-ministeriales\/","title":{"rendered":"Con un gran error en el Escudo Nacional, el Gobierno present\u00f3 sus nuevos sellos ministeriales"},"content":{"rendered":"<p style=\"text-align: center;\"><em><strong>La gesti\u00f3n libertaria relanz\u00f3 la imagen de todos los ministerios, pero el escudo difundido no respeta el dise\u00f1o nacional y reproduce rasgos del escudo bonaerense. Un descuido que encendi\u00f3 cr\u00edticas y abri\u00f3 una pol\u00e9mica pol\u00edtica y simb\u00f3lica por el uso de los emblemas oficiales<\/strong><\/em><\/p>\n<p>&nbsp;<\/p>\n<p>&nbsp;<\/p>\n<p>Este mi\u00e9rcoles, al iniciar una nueva fase de Gobierno con Congreso renovado y reformas en carpeta, al cumplirse la mitad exacta de su mandato como presidente, la administraci\u00f3n de Javier Milei present\u00f3 los nuevos sellos de todos los ministerios. Desde la Casa Rosada los definieron como emblemas destinados a \u201creforzar los valores fundamentales\u201d de cada \u00e1rea: unidad, modernizaci\u00f3n, soberan\u00eda, protecci\u00f3n, justicia, trabajo. Pero la est\u00e9tica remite m\u00e1s a la iconograf\u00eda institucional de los Estados Unidos que a la tradici\u00f3n argentina. El conjunto se inscribe en un giro simb\u00f3lico que Milei impulsa desde su llegada a la Casa Rosada, con un lenguaje visual m\u00e1s pr\u00f3ximo al \u201csello federal\u201d norteamericano que al repertorio estatal local.<\/p>\n<p>En ese marco, la Jefatura de Gabinete \u2014conducida por Manuel Adorni\u2014 difundi\u00f3 un sello que deb\u00eda mostrar el Escudo Nacional, pero el dise\u00f1o no corresponde al escudo oficial: reproduce elementos del escudo de la provincia de Buenos Aires. El detalle m\u00e1s evidente es el ramo de laureles alargado que se extiende por detr\u00e1s del sol, una caracter\u00edstica bonaerense y ajena al s\u00edmbolo patrio.<\/p>\n<p>El Escudo Nacional es uno de los emblemas m\u00e1s regulados y su dise\u00f1o est\u00e1 normado. La aparici\u00f3n de una variante que replica rasgos del escudo bonaerense en un sello oficial del Poder Ejecutivo dej\u00f3 en evidencia un error en plena presentaci\u00f3n de la nueva imagen gubernamental.<\/p>\n<p>La discusi\u00f3n, adem\u00e1s, no se produce en el vac\u00edo. La est\u00e9tica elegida para los sellos \u2014con animales tot\u00e9micos, alas, orbes dorados y un esquema circular que busca transmitir poder, vigilancia y autoridad\u2014 ha sido le\u00edda por distintos analistas como un intento de alineamiento simb\u00f3lico con modelos de comunicaci\u00f3n estatal propios de Washington. En ese contexto, el error en el escudo no s\u00f3lo tensiona la relaci\u00f3n con la iconograf\u00eda local: tambi\u00e9n expone la contradicci\u00f3n entre la b\u00fasqueda de prestigio institucional, la soberan\u00eda nacional y el descuido en el uso del s\u00edmbolo m\u00e1s b\u00e1sico y m\u00e1s sensible de la Naci\u00f3n.<\/p>\n<p>&nbsp;<\/p>\n<p><strong>\u00bfQu\u00e9 representan los nuevos emblemas ministeriales?<\/strong><\/p>\n<p>El Gobierno acompa\u00f1\u00f3 cada nuevo logo con una explicaci\u00f3n simb\u00f3lica:<\/p>\n<p>-Al Ministerio de Econom\u00eda, encabezado por Luis \u201cToto\u201d Caputo, le asignaron como s\u00edmbolo un cad\u00faceo \u2014cl\u00e1sico emblema del comercio, intercambio y comunicaci\u00f3n\u2014: las serpientes encarnan el equilibrio econ\u00f3mico, y las alas evocan agilidad y dinamismo.<\/p>\n<p>-El Ministerio de Seguridad Nacional (ahora bajo responsabilidad de Alejandra Monteoliva) adopt\u00f3 un \u00e1guila, s\u00edmbolo de vigilancia, autoridad y protecci\u00f3n: su visi\u00f3n aguda y vuelo firme representan control territorial y capacidad estatal.<\/p>\n<p>-El Ministerio de Defensa, con el general Carlos Presti al frente, incorpor\u00f3 sables del Ej\u00e9rcito Argentino: un gui\u00f1o a la tradici\u00f3n, disciplina, soberan\u00eda y continuidad hist\u00f3rica de las Fuerzas Armadas.<\/p>\n<p>-El Ministerio del Interior, liderado por Diego Santilli, sum\u00f3 la flor de ceibo, s\u00edmbolo nacional de identidad, pertenencia y federalismo, en alusi\u00f3n a su rol de articular Naci\u00f3n y provincias.<\/p>\n<p>-El Ministerio de Desregulaci\u00f3n del Estado, bajo Federico Sturzenegger, incluy\u00f3 una antorcha, que seg\u00fan el comunicado representa gu\u00eda, claridad, transformaci\u00f3n y apertura de nuevos caminos como parte del impulso reformista.<\/p>\n<p>-El Ministerio de Capital Humano, a cargo de Sandra Pettovello, sum\u00f3 dos manos entrelazadas, s\u00edmbolo de trabajo, solidaridad, desarrollo humano y compromiso con oportunidades y bienestar.<\/p>\n<p>-El Ministerio de Justicia, encabezado por Mariano C\u00faneo Libarona, adopt\u00f3 las cl\u00e1sicas balanzas como emblema de equidad, verdad, transparencia y compromiso con el debido proceso.<\/p>\n<p>-El Ministerio de Salud, liderado por Mario Lugones, sum\u00f3 la vara de Esculapio, s\u00edmbolo universal de la medicina, la sanaci\u00f3n, el cuidado, la sabidur\u00eda y el compromiso con la vida.<\/p>\n<p>-Adem\u00e1s, la Vocer\u00eda del Gobierno \u2014aunque no es un ministerio\u2014 incluy\u00f3 un atril: s\u00edmbolo de comunicaci\u00f3n institucional, autoridad p\u00fablica y del compromiso con un di\u00e1logo directo con la ciudadan\u00eda. Seg\u00fan fuentes oficiales, la renovaci\u00f3n simb\u00f3lica llega en un momento que marca \u201cel relanzamiento de la gesti\u00f3n\u201d \u2014tras la renovaci\u00f3n parlamentaria, el nuevo gabinete y en v\u00edsperas de debates clave sobre reformas estructurales.<\/p>\n<p>&nbsp;<\/p>\n<p><strong>Repercusiones<\/strong><\/p>\n<p>El desliz ha provocado cr\u00edticas de la oposici\u00f3n y referentes pol\u00edticos. Entre los m\u00e1s duros, el diputado nacional por Uni\u00f3n por la Patria, Carlos Castagneto, \u2014en un posteo p\u00fablico en X\u2014 cuestion\u00f3 al presidente: \u201cSe\u00f1or presidente @JMilei se olvid\u00f3 en el escudo, poner a las Islas Malvinas. Espero que lo corrija inmediatamente. \u00a1Verg\u00fcenza Nacional!\u201d.<\/p>\n<p>La pol\u00e9mica revive debates previos: en 2024 ya hubo un episodio en que se proyect\u00f3 un mapa de Argentina sin las Islas Malvinas \u2014lo que gener\u00f3 fuertes cuestionamientos. Unas horas despu\u00e9s de la primera comunicaci\u00f3n desde el Ejecutivo tomaron nota e incluyeron a las Malvinas en el nuevo sello.<\/p>\n<p>El Escudo Nacional es un emblema central de la Argentina, asociado a la historia, la soberan\u00eda y la representaci\u00f3n de la Naci\u00f3n. Su dise\u00f1o tiene estatus normativo y no admite modificaciones. La difusi\u00f3n de una versi\u00f3n alterada en documentos oficiales ocurre, adem\u00e1s, en un momento de debates sobre identidad nacional y reclamos hist\u00f3ricos como el de las Islas Malvinas, lo que refuerza la sensibilidad alrededor de su uso correcto.<\/p>\n","protected":false},"excerpt":{"rendered":"<p>La gesti\u00f3n libertaria relanz\u00f3 la imagen de todos los ministerios, pero el escudo difundido no respeta el dise\u00f1o nacional y reproduce rasgos del escudo bonaerense. Un descuido que encendi\u00f3 cr\u00edticas y abri\u00f3 una pol\u00e9mica pol\u00edtica y simb\u00f3lica por el uso de los emblemas oficiales &nbsp; &nbsp; Este mi\u00e9rcoles, al iniciar una nueva fase de Gobierno con Congreso renovado y reformas en carpeta, al cumplirse la mitad exacta de su mandato como presidente, la administraci\u00f3n de Javier Milei present\u00f3 los nuevos sellos de todos los ministerios. Desde la Casa Rosada los&#8230;<\/p>\n","protected":false},"author":3,"featured_media":134528,"comment_status":"closed","ping_status":"closed","sticky":false,"template":"","format":"standard","meta":[],"categories":[18],"tags":[],"_links":{"self":[{"href":"https:\/\/www.actualidadadiario.com\/index.php\/wp-json\/wp\/v2\/posts\/134527"}],"collection":[{"href":"https:\/\/www.actualidadadiario.com\/index.php\/wp-json\/wp\/v2\/posts"}],"about":[{"href":"https:\/\/www.actualidadadiario.com\/index.php\/wp-json\/wp\/v2\/types\/post"}],"author":[{"embeddable":true,"href":"https:\/\/www.actualidadadiario.com\/index.php\/wp-json\/wp\/v2\/users\/3"}],"replies":[{"embeddable":true,"href":"https:\/\/www.actualidadadiario.com\/index.php\/wp-json\/wp\/v2\/comments?post=134527"}],"version-history":[{"count":1,"href":"https:\/\/www.actualidadadiario.com\/index.php\/wp-json\/wp\/v2\/posts\/134527\/revisions"}],"predecessor-version":[{"id":134529,"href":"https:\/\/www.actualidadadiario.com\/index.php\/wp-json\/wp\/v2\/posts\/134527\/revisions\/134529"}],"wp:featuredmedia":[{"embeddable":true,"href":"https:\/\/www.actualidadadiario.com\/index.php\/wp-json\/wp\/v2\/media\/134528"}],"wp:attachment":[{"href":"https:\/\/www.actualidadadiario.com\/index.php\/wp-json\/wp\/v2\/media?parent=134527"}],"wp:term":[{"taxonomy":"category","embeddable":true,"href":"https:\/\/www.actualidadadiario.com\/index.php\/wp-json\/wp\/v2\/categories?post=134527"},{"taxonomy":"post_tag","embeddable":true,"href":"https:\/\/www.actualidadadiario.com\/index.php\/wp-json\/wp\/v2\/tags?post=134527"}],"curies":[{"name":"wp","href":"https:\/\/api.w.org\/{rel}","templated":true}]}}