{"id":134505,"date":"2025-12-11T10:11:57","date_gmt":"2025-12-11T13:11:57","guid":{"rendered":"https:\/\/www.actualidadadiario.com\/?p=134505"},"modified":"2025-12-11T10:11:57","modified_gmt":"2025-12-11T13:11:57","slug":"amnistia-advierte-sobre-el-deterioro-de-los-derechos-humanos-en-argentina-durante-2025","status":"publish","type":"post","link":"https:\/\/www.actualidadadiario.com\/index.php\/2025\/12\/11\/amnistia-advierte-sobre-el-deterioro-de-los-derechos-humanos-en-argentina-durante-2025\/","title":{"rendered":"Amnist\u00eda advierte sobre el deterioro de los derechos humanos en Argentina durante 2025"},"content":{"rendered":"<p style=\"text-align: center;\"><em><strong>El informe anual del organismo denuncia que el Estado disminuy\u00f3 el gasto en \u00e1reas sociales m\u00e1s de un 41% en t\u00e9rminos reales en dos a\u00f1os, mientras que &#8220;expandi\u00f3 su capacidad represiva&#8221;. Adem\u00e1s, alerta por el hostigamiento a la prensa y la criminalizaci\u00f3n de la protesta<\/strong><\/em><\/p>\n<p>&nbsp;<\/p>\n<p>&nbsp;<\/p>\n<p>El informe anual de Amnist\u00eda Internacional sobre Argentina advierte que, a dos a\u00f1os del inicio de la gesti\u00f3n de Javier Milei, el Estado ha consolidado un modelo donde \u201cel control social prevalece sobre la garant\u00eda de derechos humanos\u201d. Seg\u00fan el organismo, hay un marcado retroceso que es resultado de un proyecto pol\u00edtico que resigna responsabilidades esenciales frente a la sociedad y alert\u00f3 por el hostigamiento a la prensa y la criminalizaci\u00f3n de la protesta.<\/p>\n<p>La organizaci\u00f3n internacional dio a conocer su informe anual de balance de derechos humanos en Argentina, titulado \u201cRetos en derechos: a dos a\u00f1os de gesti\u00f3n de Milei\u201d, a trav\u00e9s de un comunicado en el que se\u00f1al\u00f3 que la \u201cmotosierra\u201d como \u201cemblema de gesti\u00f3n\u201d fue aplicada sin evaluaciones de impacto en derechos humanos ni mecanismos de participaci\u00f3n democr\u00e1tica, \u201cgenerando efectos directos sobre la vida y la integridad de las personas\u201d.<\/p>\n<p>En sus conclusiones, el informe destaca que a dos a\u00f1os del inicio de la gesti\u00f3n libertaria, \u201cArgentina enfrenta un deterioro acelerado y multidimensional de los derechos humanos\u201d y se\u00f1ala que \u201cel retroceso no es un accidente ni una sucesi\u00f3n de decisiones aisladas\u201d, sino que es el resultado de \u201cun modelo de gobierno que concibe a las personas como costo, a los derechos como obst\u00e1culos y a la cr\u00edtica como una amenaza\u201d.<\/p>\n<p>&nbsp;<\/p>\n<p><strong>Ajuste y represi\u00f3n<\/strong><\/p>\n<p>En su informe Amnist\u00eda detall\u00f3 que \u201centre 2023 y 2025 el gasto p\u00fablico cay\u00f3 m\u00e1s de un 41% en t\u00e9rminos reales, alcanzando su nivel m\u00e1s bajo en dos d\u00e9cadas y profundizando las desigualdades estructurales\u201d.<\/p>\n<p>Sin embargo, subraya que el ajuste no fue uniforme, sino que las \u00e1reas m\u00e1s afectadas fueron aquellas vinculadas a la realizaci\u00f3n de derechos humanos como salud, educaci\u00f3n, alimentaci\u00f3n, vivienda, ambiente y seguridad social, mientras que las partidas destinadas a seguridad, inteligencia y funciones coercitivas registraron incrementos reales o reducciones mucho menores.<\/p>\n<p>Esta asignaci\u00f3n diferencial, seg\u00fan el organismo, configura un Estado que \u201cexpande su capacidad represiva\u201d al mismo tiempo que \u201cretrae su obligaci\u00f3n de brindar protecci\u00f3n y justicia social\u201d.<\/p>\n<p>Mariela Belski, directora ejecutiva de Amnist\u00eda Internacional Argentina, explic\u00f3 que este modelo \u201ctransmite un mensaje inequ\u00edvoco: el Estado decidi\u00f3 ajustar precisamente a quienes m\u00e1s deber\u00eda proteger\u201d.<\/p>\n<p>Para Belski, ese proyecto que se est\u00e1 consolidando \u201cparte de la premisa de que los derechos humanos son un gasto prescindible y que quienes los defienden son enemigos ideol\u00f3gicos\u201d, py remarc\u00f3 que el verdadero costo ser\u00e1 \u201cun pa\u00eds m\u00e1s desigual, m\u00e1s injusto y m\u00e1s hostil para quienes ya viven en situaciones de mayor vulnerabilidad: mujeres, personas LGBTTIQ+, adultos mayores, personas con discapacidad, comunidades empobrecidas, entre otras\u201d.<\/p>\n<p>El organismo de derechos humanos tambi\u00e9n alert\u00f3 sobre la debilidad institucional que agrava el escenario, se\u00f1alando que Argentina cumple un nuevo a\u00f1o sin Defensor del Pueblo \u2014cargo vacante desde 2009\u2014 y persisten acefal\u00edas en otros organismos clave de control.<\/p>\n<p>Paralelamente, el reporte denuncia el aumento de la criminalizaci\u00f3n de la protesta, el hostigamiento a la prensa y la estigmatizaci\u00f3n de voces cr\u00edticas, configurando un clima donde \u201cla verdadera libertad se reduce\u201d y existe un achicamiento del espacio c\u00edvico.<\/p>\n<p>&nbsp;<\/p>\n<p><strong>Los ejes principales del informe<\/strong><\/p>\n<p>El informe aborda de manera integrada los principales desaf\u00edos en materia de derechos humanos en el pa\u00eds, incluyendo el aumento de la pobreza y su impacto en derechos sociales, la situaci\u00f3n de las personas mayores y el acceso a una jubilaci\u00f3n digna, las restricciones a la libertad de expresi\u00f3n y el achicamiento del espacio c\u00edvico, la represi\u00f3n de la protesta y la criminalizaci\u00f3n de la asociaci\u00f3n, las pr\u00e1cticas de cibervigilancia, los d\u00e9ficits en transparencia estatal, la violencia contra las mujeres, los derechos sexuales y reproductivos, la implementaci\u00f3n de la ESI, las pol\u00edticas de diversidad, la crisis clim\u00e1tica y la situaci\u00f3n de personas migrantes y refugiadas, adem\u00e1s de un an\u00e1lisis de la pol\u00edtica exterior.<\/p>\n<p>Esta lectura preocupante sobre la situaci\u00f3n en el pa\u00eds se desprende del balance anual que Amnist\u00eda Internacional realiza sistem\u00e1ticamente desde hace d\u00e9cadas sobre todos los gobiernos para monitorear c\u00f3mo cada administraci\u00f3n impacta en la vigencia de los derechos humanos.<\/p>\n","protected":false},"excerpt":{"rendered":"<p>El informe anual del organismo denuncia que el Estado disminuy\u00f3 el gasto en \u00e1reas sociales m\u00e1s de un 41% en t\u00e9rminos reales en dos a\u00f1os, mientras que &#8220;expandi\u00f3 su capacidad represiva&#8221;. Adem\u00e1s, alerta por el hostigamiento a la prensa y la criminalizaci\u00f3n de la protesta &nbsp; &nbsp; El informe anual de Amnist\u00eda Internacional sobre Argentina advierte que, a dos a\u00f1os del inicio de la gesti\u00f3n de Javier Milei, el Estado ha consolidado un modelo donde \u201cel control social prevalece sobre la garant\u00eda de derechos humanos\u201d. Seg\u00fan el organismo, hay un&#8230;<\/p>\n","protected":false},"author":3,"featured_media":134506,"comment_status":"closed","ping_status":"closed","sticky":false,"template":"","format":"standard","meta":[],"categories":[9],"tags":[],"_links":{"self":[{"href":"https:\/\/www.actualidadadiario.com\/index.php\/wp-json\/wp\/v2\/posts\/134505"}],"collection":[{"href":"https:\/\/www.actualidadadiario.com\/index.php\/wp-json\/wp\/v2\/posts"}],"about":[{"href":"https:\/\/www.actualidadadiario.com\/index.php\/wp-json\/wp\/v2\/types\/post"}],"author":[{"embeddable":true,"href":"https:\/\/www.actualidadadiario.com\/index.php\/wp-json\/wp\/v2\/users\/3"}],"replies":[{"embeddable":true,"href":"https:\/\/www.actualidadadiario.com\/index.php\/wp-json\/wp\/v2\/comments?post=134505"}],"version-history":[{"count":1,"href":"https:\/\/www.actualidadadiario.com\/index.php\/wp-json\/wp\/v2\/posts\/134505\/revisions"}],"predecessor-version":[{"id":134507,"href":"https:\/\/www.actualidadadiario.com\/index.php\/wp-json\/wp\/v2\/posts\/134505\/revisions\/134507"}],"wp:featuredmedia":[{"embeddable":true,"href":"https:\/\/www.actualidadadiario.com\/index.php\/wp-json\/wp\/v2\/media\/134506"}],"wp:attachment":[{"href":"https:\/\/www.actualidadadiario.com\/index.php\/wp-json\/wp\/v2\/media?parent=134505"}],"wp:term":[{"taxonomy":"category","embeddable":true,"href":"https:\/\/www.actualidadadiario.com\/index.php\/wp-json\/wp\/v2\/categories?post=134505"},{"taxonomy":"post_tag","embeddable":true,"href":"https:\/\/www.actualidadadiario.com\/index.php\/wp-json\/wp\/v2\/tags?post=134505"}],"curies":[{"name":"wp","href":"https:\/\/api.w.org\/{rel}","templated":true}]}}