{"id":134496,"date":"2025-12-11T09:21:22","date_gmt":"2025-12-11T12:21:22","guid":{"rendered":"https:\/\/www.actualidadadiario.com\/?p=134496"},"modified":"2025-12-11T09:24:52","modified_gmt":"2025-12-11T12:24:52","slug":"entre-rios-lanza-su-temporada-de-verano-con-una-transmision-en-vivo","status":"publish","type":"post","link":"https:\/\/www.actualidadadiario.com\/index.php\/2025\/12\/11\/entre-rios-lanza-su-temporada-de-verano-con-una-transmision-en-vivo\/","title":{"rendered":"Entre R\u00edos lanza su temporada de verano con una transmisi\u00f3n en vivo"},"content":{"rendered":"<p style=\"text-align: center;\"><em><strong>Este jueves, desde las 18 horas, Entre R\u00edos inaugura oficialmente su periodo estival 2026 desde la playa de Villa Urquiza, con la presencia del gobernador Rogelio Frigerio<\/strong><\/em><\/p>\n<p>&nbsp;<\/p>\n<p>&nbsp;<\/p>\n<p>El lanzamiento oficial de la Temporada de Verano 2025\/2026 se realizar\u00e1 desde la Secretar\u00eda General de la Gobernaci\u00f3n, a trav\u00e9s de la Secretar\u00eda de Turismo de Entre R\u00edos, y tendr\u00e1 lugar en el muelle hist\u00f3rico y la explanada de la playa Municipal de Villa Urquiza, con transmisi\u00f3n en vivo por el canal de YouTube del Gobierno de Entre R\u00edos.<\/p>\n<p>La jornada contar\u00e1 con la presencia del gobernador Rogelio Frigerio, del secretario general de la Gobernaci\u00f3n, Mauricio Colello y del intendente anfitri\u00f3n, Manuel Tennen; quienes encabezar\u00e1n el acto protocolar y los mensajes oficiales que dar\u00e1n inicio a la nueva temporada de verano.<\/p>\n<p>&nbsp;<\/p>\n<p><strong>El Carpincho y la diagramaci\u00f3n de lanzamiento<\/strong><\/p>\n<p>La iniciativa integra la estrategia provincial de promoci\u00f3n tur\u00edstica, que d\u00edas atr\u00e1s tuvo su lanzamiento para la prensa de alcance nacional en Buenos Aires. Durante la programaci\u00f3n prevista, tambi\u00e9n estar\u00e1 la mascota oficial, El Carpincho, que acompa\u00f1ar\u00e1 las actividades y la interacci\u00f3n con el p\u00fablico.<\/p>\n<p>La celebraci\u00f3n tendr\u00e1 un fuerte componente territorial con la participaci\u00f3n destacada de la Microrregi\u00f3n R\u00edo Nativo, que dispondr\u00e1 de estands institucionales y presentar\u00e1 sus propuestas para el verano. Tambi\u00e9n se sumar\u00e1n acciones promocionales de Tierra de Palmares, el destino Paran\u00e1 y el Parque Nacional Pre-Delta.<\/p>\n<p>Hasta las 22.30 el p\u00fablico podr\u00e1 recorrer espacios de informaci\u00f3n tur\u00edstica, artesan\u00edas y productos regionales, adem\u00e1s de disfrutar de un despliegue esc\u00e9nico y cultural que incluir\u00e1 la presentaci\u00f3n de artistas de Villa Urquiza, comparsas de Hasenkamp, Santa Elena y Gualeguay, y un gran cierre con el grupo Las Gildas.<\/p>\n<p>&nbsp;<\/p>\n<p><strong>Transmisi\u00f3n en vivo<\/strong><\/p>\n<p>El enlace para seguir la transmisi\u00f3n es el siguiente: https:\/\/www.youtube.com\/live\/jb8M-w6aBA0.<\/p>\n","protected":false},"excerpt":{"rendered":"<p>Este jueves, desde las 18 horas, Entre R\u00edos inaugura oficialmente su periodo estival 2026 desde la playa de Villa Urquiza, con la presencia del gobernador Rogelio Frigerio &nbsp; &nbsp; El lanzamiento oficial de la Temporada de Verano 2025\/2026 se realizar\u00e1 desde la Secretar\u00eda General de la Gobernaci\u00f3n, a trav\u00e9s de la Secretar\u00eda de Turismo de Entre R\u00edos, y tendr\u00e1 lugar en el muelle hist\u00f3rico y la explanada de la playa Municipal de Villa Urquiza, con transmisi\u00f3n en vivo por el canal de YouTube del Gobierno de Entre R\u00edos. La jornada&#8230;<\/p>\n","protected":false},"author":3,"featured_media":134503,"comment_status":"closed","ping_status":"closed","sticky":false,"template":"","format":"standard","meta":[],"categories":[15],"tags":[],"_links":{"self":[{"href":"https:\/\/www.actualidadadiario.com\/index.php\/wp-json\/wp\/v2\/posts\/134496"}],"collection":[{"href":"https:\/\/www.actualidadadiario.com\/index.php\/wp-json\/wp\/v2\/posts"}],"about":[{"href":"https:\/\/www.actualidadadiario.com\/index.php\/wp-json\/wp\/v2\/types\/post"}],"author":[{"embeddable":true,"href":"https:\/\/www.actualidadadiario.com\/index.php\/wp-json\/wp\/v2\/users\/3"}],"replies":[{"embeddable":true,"href":"https:\/\/www.actualidadadiario.com\/index.php\/wp-json\/wp\/v2\/comments?post=134496"}],"version-history":[{"count":1,"href":"https:\/\/www.actualidadadiario.com\/index.php\/wp-json\/wp\/v2\/posts\/134496\/revisions"}],"predecessor-version":[{"id":134497,"href":"https:\/\/www.actualidadadiario.com\/index.php\/wp-json\/wp\/v2\/posts\/134496\/revisions\/134497"}],"wp:featuredmedia":[{"embeddable":true,"href":"https:\/\/www.actualidadadiario.com\/index.php\/wp-json\/wp\/v2\/media\/134503"}],"wp:attachment":[{"href":"https:\/\/www.actualidadadiario.com\/index.php\/wp-json\/wp\/v2\/media?parent=134496"}],"wp:term":[{"taxonomy":"category","embeddable":true,"href":"https:\/\/www.actualidadadiario.com\/index.php\/wp-json\/wp\/v2\/categories?post=134496"},{"taxonomy":"post_tag","embeddable":true,"href":"https:\/\/www.actualidadadiario.com\/index.php\/wp-json\/wp\/v2\/tags?post=134496"}],"curies":[{"name":"wp","href":"https:\/\/api.w.org\/{rel}","templated":true}]}}