{"id":134489,"date":"2025-12-11T09:14:39","date_gmt":"2025-12-11T12:14:39","guid":{"rendered":"https:\/\/www.actualidadadiario.com\/?p=134489"},"modified":"2025-12-11T09:14:39","modified_gmt":"2025-12-11T12:14:39","slug":"institutos-de-formacion-docente-el-cge-confirmo-cuales-continuaran-en-2026","status":"publish","type":"post","link":"https:\/\/www.actualidadadiario.com\/index.php\/2025\/12\/11\/institutos-de-formacion-docente-el-cge-confirmo-cuales-continuaran-en-2026\/","title":{"rendered":"Institutos de Formaci\u00f3n Docente: el CGE confirm\u00f3 cu\u00e1les continuar\u00e1n en 2026"},"content":{"rendered":"<p style=\"text-align: center;\"><em><strong>En medio de las protestas contra el cierre de carreras en la provincia, la Direcci\u00f3n de Educaci\u00f3n Superior dijo que los de planta temporaria &#8220;ser\u00e1n convocados a evaluar su continuidad&#8221;<\/strong><\/em><\/p>\n<p>&nbsp;<\/p>\n<p>&nbsp;<\/p>\n<p>En el marco de varias protestas en distintas ciudades de la provincia por el cierre de carreras en 2026 en institutos de formaci\u00f3n docente y t\u00e9cnico-profesional en 2026, la Direcci\u00f3n de Educaci\u00f3n Superior, dependiente del Consejo General de Educaci\u00f3n (CGE), reafirm\u00f3 que los derechos laborales de los docentes titulares est\u00e1n \u201cplenamente garantizados\u201d.<\/p>\n<p>El organismo lo enmarc\u00f3 en el \u201cproceso de actualizaci\u00f3n y adecuaci\u00f3n\u201d de la oferta acad\u00e9mica en los institutos y aclar\u00f3 que las carreras con horas de planta permanente podr\u00e1n solicitar adaptaciones o reconversiones acad\u00e9micas \u201ccuando la demanda territorial as\u00ed lo requiera, y por el tiempo que resulte pertinente\u201d, retomando luego su carrera de origen.<\/p>\n<p>En cuanto a los profesorados de planta temporaria cuyo per\u00edodo finaliza en 2025, se inform\u00f3 que ser\u00e1n convocados para evaluar su continuidad o las alternativas posibles, de acuerdo con las necesidades y particularidades de cada regi\u00f3n.<\/p>\n<p>\u201cContamos con un an\u00e1lisis cuantitativo y cualitativo actualizado, acompa\u00f1ado por un relevamiento de disponibilidad docente, que nos permite planificar una oferta educativa pertinente, con verdadera salida laboral y en cercan\u00eda con los territorios\u201d, se\u00f1alaron desde la Direcci\u00f3n de Educaci\u00f3n Superior.<\/p>\n<p>Y destacaron que \u201ctodas las decisiones se dialogar\u00e1n en reuniones con los equipos directivos de cada instituto\u201d. \u201cEl an\u00e1lisis conjunto de matr\u00edcula, empleo, proyecciones y necesidades locales ser\u00e1 la base de cada definici\u00f3n\u201d, se subray\u00f3.<\/p>\n<p>Finalmente, se convoc\u00f3 a la comunidad educativa \u201ca seguir construyendo, entre todos, un sistema educativo s\u00f3lido, inclusivo y preparado para los desaf\u00edos actuales, con el profesionalismo que caracteriza a nuestros docentes\u201d.<\/p>\n<p>Durante la \u00faltima semana se replicaron protestas en algunas ciudades de la provincia, como Mar\u00eda Grande, Victoria y Gualeguay, entre otros, contra la decisi\u00f3n que este jueves confirm\u00f3 el CGE y que hab\u00eda comunicado previamente el director de Educaci\u00f3n Superior, Eugenio Medrano, en una reuni\u00f3n con equipos de gesti\u00f3n de los institutos.<\/p>\n<p>AGMER se declar\u00f3 en alerta y pidi\u00f3 \u201cgarant\u00eda de estabilidad de todas las carreras de formaci\u00f3n docente, pase a planta permanente de todas sus horas y cargos y procesos de titularizaci\u00f3n de sus docentes\u201d en el Nivel Superior de Entre R\u00edos.<\/p>\n<p>\u201cS\u00f3lo as\u00ed podr\u00e1 garantizarse a estudiantes el acceso a una trayectoria de formaci\u00f3n superior de calidad, previsible, acompa\u00f1ada desde el territorio por docentes que conocen sus necesidades y particularidades\u201d, expres\u00f3 el sindicato.<\/p>\n<p>El gremio de la ense\u00f1anza t\u00e9cnica tambi\u00e9n se pronunci\u00f3 en los \u00faltimos d\u00edas contra la medida anunciada desde el CGE.<\/p>\n","protected":false},"excerpt":{"rendered":"<p>En medio de las protestas contra el cierre de carreras en la provincia, la Direcci\u00f3n de Educaci\u00f3n Superior dijo que los de planta temporaria &#8220;ser\u00e1n convocados a evaluar su continuidad&#8221; &nbsp; &nbsp; En el marco de varias protestas en distintas ciudades de la provincia por el cierre de carreras en 2026 en institutos de formaci\u00f3n docente y t\u00e9cnico-profesional en 2026, la Direcci\u00f3n de Educaci\u00f3n Superior, dependiente del Consejo General de Educaci\u00f3n (CGE), reafirm\u00f3 que los derechos laborales de los docentes titulares est\u00e1n \u201cplenamente garantizados\u201d. El organismo lo enmarc\u00f3 en el&#8230;<\/p>\n","protected":false},"author":3,"featured_media":117042,"comment_status":"closed","ping_status":"closed","sticky":false,"template":"","format":"standard","meta":[],"categories":[15],"tags":[],"_links":{"self":[{"href":"https:\/\/www.actualidadadiario.com\/index.php\/wp-json\/wp\/v2\/posts\/134489"}],"collection":[{"href":"https:\/\/www.actualidadadiario.com\/index.php\/wp-json\/wp\/v2\/posts"}],"about":[{"href":"https:\/\/www.actualidadadiario.com\/index.php\/wp-json\/wp\/v2\/types\/post"}],"author":[{"embeddable":true,"href":"https:\/\/www.actualidadadiario.com\/index.php\/wp-json\/wp\/v2\/users\/3"}],"replies":[{"embeddable":true,"href":"https:\/\/www.actualidadadiario.com\/index.php\/wp-json\/wp\/v2\/comments?post=134489"}],"version-history":[{"count":1,"href":"https:\/\/www.actualidadadiario.com\/index.php\/wp-json\/wp\/v2\/posts\/134489\/revisions"}],"predecessor-version":[{"id":134490,"href":"https:\/\/www.actualidadadiario.com\/index.php\/wp-json\/wp\/v2\/posts\/134489\/revisions\/134490"}],"wp:featuredmedia":[{"embeddable":true,"href":"https:\/\/www.actualidadadiario.com\/index.php\/wp-json\/wp\/v2\/media\/117042"}],"wp:attachment":[{"href":"https:\/\/www.actualidadadiario.com\/index.php\/wp-json\/wp\/v2\/media?parent=134489"}],"wp:term":[{"taxonomy":"category","embeddable":true,"href":"https:\/\/www.actualidadadiario.com\/index.php\/wp-json\/wp\/v2\/categories?post=134489"},{"taxonomy":"post_tag","embeddable":true,"href":"https:\/\/www.actualidadadiario.com\/index.php\/wp-json\/wp\/v2\/tags?post=134489"}],"curies":[{"name":"wp","href":"https:\/\/api.w.org\/{rel}","templated":true}]}}